{"id":313,"date":"2021-12-13T15:52:00","date_gmt":"2021-12-13T15:52:00","guid":{"rendered":"https:\/\/erasmusplus-educarte.eu\/?p=313"},"modified":"2021-12-14T16:12:13","modified_gmt":"2021-12-14T16:12:13","slug":"i-encuentro-internacional-erasmus-educarte-en-identidad-europea-en-miraflores-de-la-sierra-madrid-la-delegacion-de-hungria-y-como-vivio-el-relato-de-patricia-weisz-hija-de-vio","status":"publish","type":"post","link":"https:\/\/erasmusplus-educarte.eu\/index.php\/2021\/12\/13\/i-encuentro-internacional-erasmus-educarte-en-identidad-europea-en-miraflores-de-la-sierra-madrid-la-delegacion-de-hungria-y-como-vivio-el-relato-de-patricia-weisz-hija-de-vio\/","title":{"rendered":"I Encuentro Internacional Erasmus + \u2018Educarte en identidad europea\u2019, en Miraflores de la Sierra (Madrid): la delegaci\u00f3n de Hungr\u00eda y c\u00f3mo vivi\u00f3 el relato de Patricia Weisz, hija de Violeta Friedman"},"content":{"rendered":"\n<p>Los d\u00edas 18, 19 y 20 de noviembre celebramos en Miraflores de la Sierra (Madrid) el I Encuentro Internacional Erasmus + \u2018<a href=\"https:\/\/erasmusplus-educarte.eu\/\">Educarte en identidad europea<\/a>\u2019, del que forma parte la FYME. La delegaci\u00f3n de Hungr\u00eda nos relata c\u00f3mo fueron esas jornadas y c\u00f3mo qued\u00f3 de impactada por el relato de Patricia Weisz.<\/p>\n\n\n\n<p>Ibolya y Nerissa fueron las representantes de Hungr\u00eda en el&nbsp;<a href=\"https:\/\/fundacionyehudimenuhin.org\/i-encuentro-internacional-erasmus-educarte-identidad-europea-miraflores-la-sierra-madrid\/\">I Encuentro Internacional Erasmus + \u2018Educarte en identidad europea\u2019, en Miraflores de la Sierra (Madrid)<\/a>. Ellas nos apuntan, en dos art\u00edculos, del que aqu\u00ed recogemos el primero, sus vivencias, lo experimentado y el tremendo impacto que les caus\u00f3 el testimonio de la hija de&nbsp;<a href=\"https:\/\/fundacionyehudimenuhin.org\/educarte-identidad-europea-la-fyme-trabajo-dentro-del-proyecto-la-fundacion-violeta-friedman-la-universidad-rey-juan-carlos\/\">Violeta Friedman<\/a>.<\/p>\n\n\n\n<p>\u00ab<em>El fin de semana del 19 al 20 de noviembre de 2021 fuimos recibidos por nuestros compa\u00f1eros espa\u00f1oles de la Fundaci\u00f3n Yehudi Menuhin Espa\u00f1a para el&nbsp;<a href=\"https:\/\/fundacionyehudimenuhin.org\/i-encuentro-internacional-erasmus-educarte-identidad-europea-miraflores-la-sierra-madrid\/\">I Encuentro Internacional Erasmus + \u2018Educarte en identidad europea\u2019<\/a>. Nuestro hogar para el fin de semana fue La Cristalera en Miraflores de la Sierra, un refugio seguro y encantador entre las monta\u00f1as al norte de Madrid<\/em>.<\/p>\n\n\n\n<p>\u00bb<em>Las instalaciones de La Cristalera se encuentran enclavadas en las monta\u00f1as de Madrid<\/em>.<\/p>\n\n\n\n<p>\u00bb<em>Durante estos dos intensos d\u00edas nos conectamos con socios del proyecto de Espa\u00f1a, Italia, Portugal, B\u00e9lgica y Suiza. Tuvimos la oportunidad de conocer mejor el proyecto, conocer los diferentes enfoques de la identidad europea en cada una de las ciudades y escuelas participantes y compartir lo que hemos trabajado hasta ahora y lo que planeamos hacer con nuestros hijos en Hungr\u00eda como parte del proyecto \u2018Educarte en identidad europea\u2019<\/em>.<\/p>\n\n\n\n<p>\u00bb<em>Nuestros momentos m\u00e1s memorables fueron escuchar el testimonio inspirador de Patricia Weisz, hija de la sobreviviente del Holocausto y activista de derechos humanos Violeta Friedman, sobre su incre\u00edble historia de vida y su compromiso con el trabajo por la justicia social. Poder dar testimonio de persona a persona sobre tales relatos fue en s\u00ed mismo muy conmovedor y el hecho de que la familia de Patricia sea de origen h\u00fangaro nos acerc\u00f3 a\u00fan m\u00e1s la experiencia a nuestro hogar. Fue una sorpresa conmovedora saber que la artista que trabaja en el proyecto, Ibolya, en realidad comparte el nombre de la madre de Patricia (como Violeta significa Ibolya en h\u00fangaro). Estamos ansiosos por dar la bienvenida a Patricia a Budapest para compartir la historia de su familia<\/em>\u00bb.<\/p>\n","protected":false},"excerpt":{"rendered":"<p>Los d\u00edas 18, 19 y 20 de noviembre celebramos en Miraflores de la Sierra (Madrid) el I Encuentro Internacional Erasmus + \u2018Educarte en identidad europea\u2019, del que forma parte la FYME. La delegaci\u00f3n de nos relata c\u00f3mo fueron esas jornadas y c\u00f3mo qued\u00f3 de impactada por el relato de Patricia Weisz.<\/p>\n","protected":false},"author":1,"featured_media":315,"comment_status":"open","ping_status":"closed","sticky":true,"template":"","format":"standard","meta":{"_et_pb_use_builder":"off","_et_pb_old_content":"","_et_gb_content_width":"","footnotes":""},"categories":[1],"tags":[],"class_list":["post-313","post","type-post","status-publish","format-standard","has-post-thumbnail","hentry","category-uncategorized"],"_links":{"self":[{"href":"https:\/\/erasmusplus-educarte.eu\/index.php\/wp-json\/wp\/v2\/posts\/313","targetHints":{"allow":["GET"]}}],"collection":[{"href":"https:\/\/erasmusplus-educarte.eu\/index.php\/wp-json\/wp\/v2\/posts"}],"about":[{"href":"https:\/\/erasmusplus-educarte.eu\/index.php\/wp-json\/wp\/v2\/types\/post"}],"author":[{"embeddable":true,"href":"https:\/\/erasmusplus-educarte.eu\/index.php\/wp-json\/wp\/v2\/users\/1"}],"replies":[{"embeddable":true,"href":"https:\/\/erasmusplus-educarte.eu\/index.php\/wp-json\/wp\/v2\/comments?post=313"}],"version-history":[{"count":3,"href":"https:\/\/erasmusplus-educarte.eu\/index.php\/wp-json\/wp\/v2\/posts\/313\/revisions"}],"predecessor-version":[{"id":318,"href":"https:\/\/erasmusplus-educarte.eu\/index.php\/wp-json\/wp\/v2\/posts\/313\/revisions\/318"}],"wp:featuredmedia":[{"embeddable":true,"href":"https:\/\/erasmusplus-educarte.eu\/index.php\/wp-json\/wp\/v2\/media\/315"}],"wp:attachment":[{"href":"https:\/\/erasmusplus-educarte.eu\/index.php\/wp-json\/wp\/v2\/media?parent=313"}],"wp:term":[{"taxonomy":"category","embeddable":true,"href":"https:\/\/erasmusplus-educarte.eu\/index.php\/wp-json\/wp\/v2\/categories?post=313"},{"taxonomy":"post_tag","embeddable":true,"href":"https:\/\/erasmusplus-educarte.eu\/index.php\/wp-json\/wp\/v2\/tags?post=313"}],"curies":[{"name":"wp","href":"https:\/\/api.w.org\/{rel}","templated":true}]}}