{"id":343,"date":"2021-12-27T16:55:06","date_gmt":"2021-12-27T16:55:06","guid":{"rendered":"https:\/\/erasmusplus-educarte.eu\/?p=343"},"modified":"2021-12-27T17:12:00","modified_gmt":"2021-12-27T17:12:00","slug":"proyecto-erasmus-educ-arte-en-identidad-europea-mas-visitas-comentadas-de-la-escola-eb1-da-cruz-da-picada","status":"publish","type":"post","link":"https:\/\/erasmusplus-educarte.eu\/index.php\/2021\/12\/27\/proyecto-erasmus-educ-arte-en-identidad-europea-mas-visitas-comentadas-de-la-escola-eb1-da-cruz-da-picada\/","title":{"rendered":"Proyecto Erasmus + \u2018Educ-Arte en Identidad Europea&#8217;: M\u00e1s visitas comentadas de la Escola EB1 da Cruz da Picada"},"content":{"rendered":"\n<p>En el \u00e1mbito del Proyecto Erasmus + &#8216;Educarte en identidad europea&#8217;, los alumnos\/as y profesores\/as de la Escola EB1 da Cruz da Picada (Portugal) realizaron las segundas visitas comentadas del Proyecto, los d\u00edas 16 y 18 de noviembre.<\/p>\n\n\n\n<p>Pasaron al N\u00facleo Interpretativo del Megalitismo de \u00c9vora (Convento dos Remedios), donde hicieron una visita guiada comentada por el arque\u00f3logo municipal Panagiotis (Takis) Sarantopoulos. Inspir\u00e1ndose en esta exposici\u00f3n, los alumnos\/as demostraron algunos de sus talentos en actividades complementarios de acuerdo con su clase y grupo de edad. Dos clases hicieron dibujos, con una tinta especial, hechos de pigmentos naturales, en una actividad presentada por el artista MUS-E Gheysla Nascimento, y otro grupo realiz\u00f3 una actividad de\u2018Movimiento y Danza\u2019 en el que el reto era que los alumnos realizaran movimientos inspirados en la tareas y acciones que imagina que se realizar\u00edan en ese momento, en una sesi\u00f3n organizada por la artista MUS-E Ana Silvestre.<\/p>\n\n\n\n<p>Los ni\u00f1os abandonaron el espacio escolar, socializaron, realizaron nuevos aprendizajes y desarrollaron sus talentos, expres\u00e1ndose a trav\u00e9s del lenguaje del dibujo y del movimiento, que tambi\u00e9n han utilizado desde la antig\u00fcedad, como ellos mismos tuvieron la oportunidad de confirmar en estas visitas.<\/p>\n\n\n\n<p>La FYME forma parte del Proyecto Erasmus + \u2018<a href=\"https:\/\/erasmusplus-educarte.eu\/\">Educarte&nbsp;en identidad europea<\/a>\u2019.<\/p>\n\n\n\n<figure class=\"wp-block-gallery columns-3 is-cropped wp-block-gallery-1 is-layout-flex wp-block-gallery-is-layout-flex\"><ul class=\"blocks-gallery-grid\"><li class=\"blocks-gallery-item\"><figure><img loading=\"lazy\" decoding=\"async\" width=\"615\" height=\"456\" src=\"https:\/\/erasmusplus-educarte.eu\/wp-content\/uploads\/2021\/12\/1.jpg\" alt=\"\" data-id=\"346\" data-full-url=\"https:\/\/erasmusplus-educarte.eu\/wp-content\/uploads\/2021\/12\/1.jpg\" data-link=\"https:\/\/erasmusplus-educarte.eu\/?attachment_id=346\" class=\"wp-image-346\" srcset=\"https:\/\/erasmusplus-educarte.eu\/wp-content\/uploads\/2021\/12\/1.jpg 615w, https:\/\/erasmusplus-educarte.eu\/wp-content\/uploads\/2021\/12\/1-480x356.jpg 480w\" sizes=\"auto, (min-width: 0px) and (max-width: 480px) 480px, (min-width: 481px) 615px, 100vw\" \/><\/figure><\/li><li class=\"blocks-gallery-item\"><figure><img loading=\"lazy\" decoding=\"async\" width=\"623\" height=\"466\" src=\"https:\/\/erasmusplus-educarte.eu\/wp-content\/uploads\/2021\/12\/2.jpg\" alt=\"\" data-id=\"347\" data-full-url=\"https:\/\/erasmusplus-educarte.eu\/wp-content\/uploads\/2021\/12\/2.jpg\" data-link=\"https:\/\/erasmusplus-educarte.eu\/?attachment_id=347\" class=\"wp-image-347\" srcset=\"https:\/\/erasmusplus-educarte.eu\/wp-content\/uploads\/2021\/12\/2.jpg 623w, https:\/\/erasmusplus-educarte.eu\/wp-content\/uploads\/2021\/12\/2-480x359.jpg 480w\" sizes=\"auto, (min-width: 0px) and (max-width: 480px) 480px, (min-width: 481px) 623px, 100vw\" \/><\/figure><\/li><li class=\"blocks-gallery-item\"><figure><img loading=\"lazy\" decoding=\"async\" width=\"627\" height=\"462\" src=\"https:\/\/erasmusplus-educarte.eu\/wp-content\/uploads\/2021\/12\/3.jpg\" alt=\"\" data-id=\"348\" data-full-url=\"https:\/\/erasmusplus-educarte.eu\/wp-content\/uploads\/2021\/12\/3.jpg\" data-link=\"https:\/\/erasmusplus-educarte.eu\/?attachment_id=348\" class=\"wp-image-348\" srcset=\"https:\/\/erasmusplus-educarte.eu\/wp-content\/uploads\/2021\/12\/3.jpg 627w, https:\/\/erasmusplus-educarte.eu\/wp-content\/uploads\/2021\/12\/3-480x354.jpg 480w\" sizes=\"auto, (min-width: 0px) and (max-width: 480px) 480px, (min-width: 481px) 627px, 100vw\" \/><\/figure><\/li><li class=\"blocks-gallery-item\"><figure><img loading=\"lazy\" decoding=\"async\" width=\"612\" height=\"446\" src=\"https:\/\/erasmusplus-educarte.eu\/wp-content\/uploads\/2021\/12\/4.jpg\" alt=\"\" data-id=\"349\" data-full-url=\"https:\/\/erasmusplus-educarte.eu\/wp-content\/uploads\/2021\/12\/4.jpg\" data-link=\"https:\/\/erasmusplus-educarte.eu\/?attachment_id=349\" class=\"wp-image-349\" srcset=\"https:\/\/erasmusplus-educarte.eu\/wp-content\/uploads\/2021\/12\/4.jpg 612w, https:\/\/erasmusplus-educarte.eu\/wp-content\/uploads\/2021\/12\/4-480x350.jpg 480w\" sizes=\"auto, (min-width: 0px) and (max-width: 480px) 480px, (min-width: 481px) 612px, 100vw\" \/><\/figure><\/li><\/ul><\/figure>\n","protected":false},"excerpt":{"rendered":"<p>En el \u00e1mbito del Proyecto Erasmus + &#8216;Educarte en identidad europea&#8217;, los alumnos\/as y profesores\/as de la Escola EB1 da Cruz da Picada (Portugal) realizaron las segundas visitas comentadas del Proyecto, los d\u00edas 16 y 18 de noviembre.<\/p>\n","protected":false},"author":1,"featured_media":345,"comment_status":"open","ping_status":"closed","sticky":true,"template":"","format":"standard","meta":{"_et_pb_use_builder":"off","_et_pb_old_content":"","_et_gb_content_width":"","footnotes":""},"categories":[1],"tags":[],"class_list":["post-343","post","type-post","status-publish","format-standard","has-post-thumbnail","hentry","category-uncategorized"],"_links":{"self":[{"href":"https:\/\/erasmusplus-educarte.eu\/index.php\/wp-json\/wp\/v2\/posts\/343","targetHints":{"allow":["GET"]}}],"collection":[{"href":"https:\/\/erasmusplus-educarte.eu\/index.php\/wp-json\/wp\/v2\/posts"}],"about":[{"href":"https:\/\/erasmusplus-educarte.eu\/index.php\/wp-json\/wp\/v2\/types\/post"}],"author":[{"embeddable":true,"href":"https:\/\/erasmusplus-educarte.eu\/index.php\/wp-json\/wp\/v2\/users\/1"}],"replies":[{"embeddable":true,"href":"https:\/\/erasmusplus-educarte.eu\/index.php\/wp-json\/wp\/v2\/comments?post=343"}],"version-history":[{"count":3,"href":"https:\/\/erasmusplus-educarte.eu\/index.php\/wp-json\/wp\/v2\/posts\/343\/revisions"}],"predecessor-version":[{"id":352,"href":"https:\/\/erasmusplus-educarte.eu\/index.php\/wp-json\/wp\/v2\/posts\/343\/revisions\/352"}],"wp:featuredmedia":[{"embeddable":true,"href":"https:\/\/erasmusplus-educarte.eu\/index.php\/wp-json\/wp\/v2\/media\/345"}],"wp:attachment":[{"href":"https:\/\/erasmusplus-educarte.eu\/index.php\/wp-json\/wp\/v2\/media?parent=343"}],"wp:term":[{"taxonomy":"category","embeddable":true,"href":"https:\/\/erasmusplus-educarte.eu\/index.php\/wp-json\/wp\/v2\/categories?post=343"},{"taxonomy":"post_tag","embeddable":true,"href":"https:\/\/erasmusplus-educarte.eu\/index.php\/wp-json\/wp\/v2\/tags?post=343"}],"curies":[{"name":"wp","href":"https:\/\/api.w.org\/{rel}","templated":true}]}}