{"id":595,"date":"2022-12-14T16:19:00","date_gmt":"2022-12-14T16:19:00","guid":{"rendered":"https:\/\/erasmusplus-educarte.eu\/?p=595"},"modified":"2022-12-16T16:22:43","modified_gmt":"2022-12-16T16:22:43","slug":"encuentro-en-turin-del-proyecto-erasmus-educarte-en-identidad-europea","status":"publish","type":"post","link":"https:\/\/erasmusplus-educarte.eu\/index.php\/2022\/12\/14\/encuentro-en-turin-del-proyecto-erasmus-educarte-en-identidad-europea\/","title":{"rendered":"Encuentro en Tur\u00edn del Proyecto Erasmus + \u2018Educarte en Identidad Europea\u2019"},"content":{"rendered":"\n<p>Los d\u00edas 11, 12 y 13 de diciembre hemos organizado en Tur\u00edn el Encuentro Erasmus+ \u2018<a href=\"https:\/\/erasmusplus-educarte.eu\/\">Educarte en identidad europea<\/a>\u2019. M\u00e1s de 80 personas han participado en las acciones desarrolladas en la Escuelas Primarias Cena, Giuseppe Cesare Abba y Pietro Micca y la Escuela Secundaria Martiri. Artistas y especialistas en Identidad Europea de Espa\u00f1a, Portugal, B\u00e9lgica, Hungr\u00eda, Italia y Suiza han trabajado con menores de los 4 centros escolares durante dos jornadas completas a trav\u00e9s de sesiones tutoriales y trabajo art\u00edstico desde la m\u00fasica, artes pl\u00e1sticas, danza, teatro, lectura&nbsp; y expresi\u00f3n corporal.<\/p>\n\n\n\n<p>Los socios del proyecto, junto a las entidades colaboradoras italianas (de Terni, Mil\u00e1n, Bolonia y Tur\u00edn) pudimos mantener reuniones de coordinaci\u00f3n, evaluaci\u00f3n y seguimiento del proyecto, de cara a la mejora de contenidos en los pr\u00f3ximos encuentros de Budapest, Gante y \u00c9vora.<\/p>\n\n\n\n<p>Un encuentro que cont\u00f3 con talleres, visitas a diferentes museos y escuelas, actuaciones, y en donde la implicaci\u00f3n de todos los representantes de todos los socios all\u00ed presentes fue absoluta.<\/p>\n\n\n\n<figure class=\"wp-block-gallery has-nested-images columns-3 is-cropped wp-block-gallery-1 is-layout-flex wp-block-gallery-is-layout-flex\">\n<figure class=\"wp-block-image size-large\"><img loading=\"lazy\" decoding=\"async\" width=\"1024\" height=\"768\" data-id=\"600\" src=\"https:\/\/erasmusplus-educarte.eu\/wp-content\/uploads\/2022\/12\/IMG_6220-1024x768.jpg\" alt=\"\" class=\"wp-image-600\" srcset=\"https:\/\/erasmusplus-educarte.eu\/wp-content\/uploads\/2022\/12\/IMG_6220-980x735.jpg 980w, https:\/\/erasmusplus-educarte.eu\/wp-content\/uploads\/2022\/12\/IMG_6220-480x360.jpg 480w\" sizes=\"auto, (min-width: 0px) and (max-width: 480px) 480px, (min-width: 481px) and (max-width: 980px) 980px, (min-width: 981px) 1024px, 100vw\" \/><\/figure>\n\n\n\n<figure class=\"wp-block-image size-large\"><img loading=\"lazy\" decoding=\"async\" width=\"1024\" height=\"768\" data-id=\"599\" src=\"https:\/\/erasmusplus-educarte.eu\/wp-content\/uploads\/2022\/12\/IMG_6221-1024x768.jpg\" alt=\"\" class=\"wp-image-599\" srcset=\"https:\/\/erasmusplus-educarte.eu\/wp-content\/uploads\/2022\/12\/IMG_6221-980x735.jpg 980w, https:\/\/erasmusplus-educarte.eu\/wp-content\/uploads\/2022\/12\/IMG_6221-480x360.jpg 480w\" sizes=\"auto, (min-width: 0px) and (max-width: 480px) 480px, (min-width: 481px) and (max-width: 980px) 980px, (min-width: 981px) 1024px, 100vw\" \/><\/figure>\n\n\n\n<figure class=\"wp-block-image size-large\"><img loading=\"lazy\" decoding=\"async\" width=\"1024\" height=\"768\" data-id=\"598\" src=\"https:\/\/erasmusplus-educarte.eu\/wp-content\/uploads\/2022\/12\/IMG_6234-1024x768.jpg\" alt=\"\" class=\"wp-image-598\" srcset=\"https:\/\/erasmusplus-educarte.eu\/wp-content\/uploads\/2022\/12\/IMG_6234-980x735.jpg 980w, https:\/\/erasmusplus-educarte.eu\/wp-content\/uploads\/2022\/12\/IMG_6234-480x360.jpg 480w\" sizes=\"auto, (min-width: 0px) and (max-width: 480px) 480px, (min-width: 481px) and (max-width: 980px) 980px, (min-width: 981px) 1024px, 100vw\" \/><\/figure>\n\n\n\n<figure class=\"wp-block-image size-large\"><img loading=\"lazy\" decoding=\"async\" width=\"1024\" height=\"768\" data-id=\"597\" src=\"https:\/\/erasmusplus-educarte.eu\/wp-content\/uploads\/2022\/12\/IMG_6241-1024x768.jpg\" alt=\"\" class=\"wp-image-597\" srcset=\"https:\/\/erasmusplus-educarte.eu\/wp-content\/uploads\/2022\/12\/IMG_6241-980x735.jpg 980w, https:\/\/erasmusplus-educarte.eu\/wp-content\/uploads\/2022\/12\/IMG_6241-480x360.jpg 480w\" sizes=\"auto, (min-width: 0px) and (max-width: 480px) 480px, (min-width: 481px) and (max-width: 980px) 980px, (min-width: 981px) 1024px, 100vw\" \/><\/figure>\n\n\n\n<figure class=\"wp-block-image size-large\"><img loading=\"lazy\" decoding=\"async\" width=\"1024\" height=\"581\" data-id=\"601\" src=\"https:\/\/erasmusplus-educarte.eu\/wp-content\/uploads\/2022\/12\/IMG_6247-1024x581.jpg\" alt=\"\" class=\"wp-image-601\" srcset=\"https:\/\/erasmusplus-educarte.eu\/wp-content\/uploads\/2022\/12\/IMG_6247-980x556.jpg 980w, https:\/\/erasmusplus-educarte.eu\/wp-content\/uploads\/2022\/12\/IMG_6247-480x272.jpg 480w\" sizes=\"auto, (min-width: 0px) and (max-width: 480px) 480px, (min-width: 481px) and (max-width: 980px) 980px, (min-width: 981px) 1024px, 100vw\" \/><\/figure>\n\n\n\n<figure class=\"wp-block-image size-large\"><img loading=\"lazy\" decoding=\"async\" width=\"1024\" height=\"768\" data-id=\"596\" src=\"https:\/\/erasmusplus-educarte.eu\/wp-content\/uploads\/2022\/12\/PHOTO-2022-12-13-16-52-54-1024x768.jpg\" alt=\"\" class=\"wp-image-596\" srcset=\"https:\/\/erasmusplus-educarte.eu\/wp-content\/uploads\/2022\/12\/PHOTO-2022-12-13-16-52-54-1024x768.jpg 1024w, https:\/\/erasmusplus-educarte.eu\/wp-content\/uploads\/2022\/12\/PHOTO-2022-12-13-16-52-54-980x735.jpg 980w, https:\/\/erasmusplus-educarte.eu\/wp-content\/uploads\/2022\/12\/PHOTO-2022-12-13-16-52-54-480x360.jpg 480w\" sizes=\"auto, (min-width: 0px) and (max-width: 480px) 480px, (min-width: 481px) and (max-width: 980px) 980px, (min-width: 981px) 1024px, 100vw\" \/><\/figure>\n<\/figure>\n","protected":false},"excerpt":{"rendered":"<p>Los d\u00edas 11, 12 y 13 de diciembre hemos organizado en Tur\u00edn el Encuentro Erasmus+ \u2018Educarte en identidad europea\u2019. M\u00e1s de 80 personas han participado en las acciones desarrolladas en la Escuelas Primarias Cena, Giuseppe Cesare Abba y Pietro Micca y la Escuela Secundaria Martiri. Artistas y especialistas en Identidad Europea de Espa\u00f1a, Portugal, B\u00e9lgica, Hungr\u00eda, Italia y Suiza han trabajado con menores de los 4 centros escolares durante dos jornadas completas a trav\u00e9s de sesiones tutoriales y trabajo art\u00edstico desde la m\u00fasica, artes pl\u00e1sticas, danza, teatro, lectura\u00a0 y expresi\u00f3n corporal.<\/p>\n","protected":false},"author":1,"featured_media":602,"comment_status":"open","ping_status":"closed","sticky":false,"template":"","format":"standard","meta":{"_et_pb_use_builder":"","_et_pb_old_content":"","_et_gb_content_width":"","footnotes":""},"categories":[1],"tags":[],"class_list":["post-595","post","type-post","status-publish","format-standard","has-post-thumbnail","hentry","category-uncategorized"],"_links":{"self":[{"href":"https:\/\/erasmusplus-educarte.eu\/index.php\/wp-json\/wp\/v2\/posts\/595","targetHints":{"allow":["GET"]}}],"collection":[{"href":"https:\/\/erasmusplus-educarte.eu\/index.php\/wp-json\/wp\/v2\/posts"}],"about":[{"href":"https:\/\/erasmusplus-educarte.eu\/index.php\/wp-json\/wp\/v2\/types\/post"}],"author":[{"embeddable":true,"href":"https:\/\/erasmusplus-educarte.eu\/index.php\/wp-json\/wp\/v2\/users\/1"}],"replies":[{"embeddable":true,"href":"https:\/\/erasmusplus-educarte.eu\/index.php\/wp-json\/wp\/v2\/comments?post=595"}],"version-history":[{"count":3,"href":"https:\/\/erasmusplus-educarte.eu\/index.php\/wp-json\/wp\/v2\/posts\/595\/revisions"}],"predecessor-version":[{"id":605,"href":"https:\/\/erasmusplus-educarte.eu\/index.php\/wp-json\/wp\/v2\/posts\/595\/revisions\/605"}],"wp:featuredmedia":[{"embeddable":true,"href":"https:\/\/erasmusplus-educarte.eu\/index.php\/wp-json\/wp\/v2\/media\/602"}],"wp:attachment":[{"href":"https:\/\/erasmusplus-educarte.eu\/index.php\/wp-json\/wp\/v2\/media?parent=595"}],"wp:term":[{"taxonomy":"category","embeddable":true,"href":"https:\/\/erasmusplus-educarte.eu\/index.php\/wp-json\/wp\/v2\/categories?post=595"},{"taxonomy":"post_tag","embeddable":true,"href":"https:\/\/erasmusplus-educarte.eu\/index.php\/wp-json\/wp\/v2\/tags?post=595"}],"curies":[{"name":"wp","href":"https:\/\/api.w.org\/{rel}","templated":true}]}}