{"id":729,"date":"2023-04-12T05:37:00","date_gmt":"2023-04-12T05:37:00","guid":{"rendered":"https:\/\/erasmusplus-educarte.eu\/?p=729"},"modified":"2023-06-01T16:00:55","modified_gmt":"2023-06-01T16:00:55","slug":"educarte-en-identidad-europea-mi-identidad-comienza-el-programa-en-fuenlabrada-espana","status":"publish","type":"post","link":"https:\/\/erasmusplus-educarte.eu\/index.php\/2023\/04\/12\/educarte-en-identidad-europea-mi-identidad-comienza-el-programa-en-fuenlabrada-espana\/","title":{"rendered":"EducArte en Identidad Europea: \u201cMi identidad\u201d comienza el programa en Fuenlabrada (Espa\u00f1a)."},"content":{"rendered":"\n<p>Durante los a\u00f1os 2021-2022, y 2022-2023 se ha desarrollado el proyecto <strong>EducArte en Identidad Europea<\/strong> con la co-financiaci\u00f3n del programa Erasmus + de la Uni\u00f3n Europea. Los objetivos de este proyecto, es que el alumnado entienda la Uni\u00f3n Europea como un espacio para la cooperaci\u00f3n, la prevenci\u00f3n de nuevas guerras entre las naciones que la componen, y sentir a Europa como su sitio de pertenencia y convivencia.<\/p>\n\n\n\n<p>Ayudarles a tomar consciencia que la convivencia, la colaboraci\u00f3n y la participaci\u00f3n activa como miembros de la Uni\u00f3n Europea nos ayuda a eliminar el odio y fortalecer nuestra identidad com\u00fan. No debemos olvidar que la uni\u00f3n pol\u00edtica de nuestros pa\u00edses se basa en la defensa de la dignidad humana, la libertad, la democracia, la igualdad, y la defensa de los derechos humanos. Uno modelo que nos convierte en referente mundial.<\/p>\n\n\n\n<p>As\u00ed, conocer las ra\u00edces comunes que nos unen a otras culturas Europeas, el programa Erasmus, Eurovisi\u00f3n, las capitales culturales europeas, la pol\u00edtica de medios de comunicaci\u00f3n europeos, las competiciones deportivas y un largo etc\u00e9tera nos ayuda a entender los beneficios de una Europa unida.<\/p>\n\n\n\n<p>Pero m\u00e1s all\u00e1 de los lugares comunes, resulta imprescindible tambi\u00e9n que los alumnos y alumnas del programa conozcan cu\u00e1les son nuestros derechos y obligaciones como europeos.<\/p>\n\n\n\n<p>Todo ello con una metodolog\u00eda de trabajo que parte desde la creatividad para trabajar la identidad, los miedos, la autoestima, el sufrimiento, la alegr\u00eda, en definitiva, todo aquello que les ayude a ser mejores personas y mejores.<\/p>\n\n\n\n<p>EducArte es tambi\u00e9n un espacio de encuentro. Un proyecto transnacional que engloba a diferentes ciudades y pa\u00edses europeos como Terni y Torino en Italia, Gante en B\u00e9lgica, Budapest en Hungr\u00eda o \u00c9vora en Portugal. Todas ellas, junto con las espa\u00f1olas, trabajan en red desde su inicio y comparten sus experiencias con los dem\u00e1s as\u00ed como ejemplos de buenas pr\u00e1cticas o casos de \u00e9xito para transmitir sus conocimientos y que el resto pueda aprender, implementar y, en definitiva, crecer y mejorar. Porque compartir tambi\u00e9n crea identidad.<\/p>\n\n\n\n<p>Si en ocasiones anteriores hemos compartido noticias de la red internacional como <a href=\"https:\/\/erasmusplus-educarte.eu\/index.php\/2022\/02\/11\/educarte-en-identidad-europea-viaje-a-los-origenes-de-europa-desde-evora-portugal\/\">Portugal<\/a>, <a href=\"https:\/\/erasmusplus-educarte.eu\/index.php\/2023\/05\/18\/penultimo-encuentro-del-programa-educarte-en-identidad-europea-en-gante-belgica\/\">B\u00e9lgica<\/a> o <a href=\"https:\/\/erasmusplus-educarte.eu\/index.php\/2023\/02\/04\/los-companeros-de-italia-del-programa-educarte-en-identidad-europea-comparten-su-vision-del-mismo\/\">Italia<\/a>, en esta ocasi\u00f3n abrimos una ronda de reportajes sobre la experiencia realizada en estos \u00faltimos meses en diversos centros de la ciudad madrile\u00f1a de Fuenlabrada en Espa\u00f1a.<\/p>\n\n\n\n<p>Y es que el programa EducArte ha llevado la identidad europea a trav\u00e9s del arte a unos 360 alumnas y alumnos&nbsp; de 3\u00ba de la Eso de los <strong>IES Joaqu\u00edn Araujo<\/strong>, el <strong>IES Barrio Loranca<\/strong>&nbsp; y el <strong>IES La Serna<\/strong> de esta ciudad.<\/p>\n\n\n\n<p class=\"has-large-font-size\"><strong>El comienzo<\/strong><\/p>\n\n\n\n<p>Antes de comenzar con el trabajo en s\u00ed, la artista <strong>Nora Usterman<\/strong> encargada del programa en estos centros quiso conocer a los propios alumnos y alumnas y su propia percepci\u00f3n de s\u00ed mismos. De su identidad. En palabras de Nora:<\/p>\n\n\n\n<blockquote class=\"wp-block-quote is-layout-flow wp-block-quote-is-layout-flow\">\n<p><em>\u201cEn la primera sesi\u00f3n del Proyecto les pregunt\u00e9 a los alumnos sobre su propia identidad. \u00bfQu\u00e9 te gusta? \u00bfQu\u00e9 no te gusta? \u00bfQu\u00e9 te da miedo?\u201d<\/em><\/p>\n\n\n\n<p>Con estas premisas, los alumnos y alumnas de los diferentes centros nos dejaron las siguientes frases que se convirtieron en el punto de partida y mapa del resto de sesiones para poder trabajar con ellos, desde su propia percepci\u00f3n.<\/p>\n\n\n\n<figure class=\"wp-block-image size-full\"><img loading=\"lazy\" decoding=\"async\" width=\"346\" height=\"261\" src=\"https:\/\/erasmusplus-educarte.eu\/wp-content\/uploads\/2023\/06\/image001.jpg\" alt=\"\" class=\"wp-image-731\" srcset=\"https:\/\/erasmusplus-educarte.eu\/wp-content\/uploads\/2023\/06\/image001.jpg 346w, https:\/\/erasmusplus-educarte.eu\/wp-content\/uploads\/2023\/06\/image001-300x226.jpg 300w\" sizes=\"auto, (max-width: 346px) 100vw, 346px\" \/><\/figure>\n<\/blockquote>\n\n\n\n<p><strong><u>Frases escritas por alumnos de 3\u00ba de la ESO del IES BARRIO&nbsp; LORANCA<\/u><\/strong><\/p>\n\n\n\n<blockquote class=\"wp-block-quote is-layout-flow wp-block-quote-is-layout-flow\">\n<p><em>Aprend\u00ed a cantar cuando quede con amigos y dej\u00e9 la soledad.<\/em><\/p>\n\n\n\n<p><em>Dormir puede ayudarte a controlar tus miedos<\/em><\/p>\n\n\n\n<p><em>Me da miedo perder mis miedos<\/em><\/p>\n\n\n\n<p><em>Me puse a bailar para esquivar la muerte.<\/em><\/p>\n\n\n\n<p><em>A m\u00ed me gusta cantar pero no me gusta controlar<\/em><\/p>\n\n\n\n<p><em>Aprend\u00ed a cantar cuando qued\u00e9 con amigas y dej\u00e9 la soledad<\/em><\/p>\n\n\n\n<p><em>Dej\u00e9 de controlar para ver la soledad<\/em><\/p>\n\n\n\n<p><em>Me da miedo perder mis miedos<\/em><\/p>\n\n\n\n<p><em>Dejar de ser lo que soy por la soledad porque no s\u00e9 controlar<\/em><\/p>\n\n\n\n<p><em>Empec\u00e9 a comer para olvidarme de los malos recuerdos<\/em><\/p>\n\n\n\n<p><em>Me puse a bailar para esquivar la muerte<\/em><\/p>\n\n\n\n<p><em>Tuve empat\u00eda con los que perdieron familiares<\/em><\/p>\n\n\n\n<p><em>Dormir puede ayudarte a controlar tus miedos<\/em><\/p>\n\n\n\n<p><em>Me puse a cantar para ser el centro de atenci\u00f3n<\/em><\/p>\n\n\n\n<p><em>Empec\u00e9 a quedar con amigos para hacer deporte<\/em><\/p>\n\n\n\n<p><em>Volv\u00ed a venir al insti para estudiar y as\u00ed quitarme esta soledad y tener solidaridad y as\u00ed no controlar y poder cantar<\/em><\/p>\n\n\n\n<p><strong><u>Peque\u00f1as poes\u00edas y frases &#8211; Alumnos 3\u00baF Instituto La Serna<\/u><\/strong><\/p>\n<\/blockquote>\n\n\n\n<blockquote class=\"wp-block-quote is-layout-flow wp-block-quote-is-layout-flow\">\n<p><em>\u201cMe gusta cantar, es mi pasi\u00f3n<\/em><\/p>\n\n\n\n<p><em>Aunque no me guste la televisi\u00f3n<\/em><\/p>\n\n\n\n<p><em>Quiero ir a Eurovisi\u00f3n.<\/em><\/p>\n\n\n\n<p><em>Estoy cansada de vivir,<\/em><\/p>\n\n\n\n<p><em>Pero me da miedo morir.<\/em><\/p>\n\n\n\n<p><em>No me gusta la fruta<\/em><\/p>\n\n\n\n<p><em>Y menos el tomate que nadie lo disfruta.\u201d<\/em><\/p>\n\n\n\n<p><em>Vivir con miedo al miedo no es vivir.<\/em><\/p>\n\n\n\n<p><em>Jugar a la Play es mejor que estudiar.<\/em><\/p>\n\n\n\n<p><em>La soledad es como dar vueltas a un c\u00edrculo sin saber cu\u00e1ndo parar.<\/em><\/p>\n\n\n\n<p><em>Confiar en la gente es como creer en que una ara\u00f1a no te va a morder.<\/em><\/p>\n\n\n\n<p><em>La manipulaci\u00f3n es como tener piedras amarradas a los pies.<\/em><\/p>\n\n\n\n<p><em>Dormir es mejor que vivir en una realidad donde todo es una pesadilla.<\/em><\/p>\n<\/blockquote>\n\n\n\n<p>Una apertura de los y las participantes que es una gran ayuda para tener un comienzo del programa. Conocerles es la mejor manera de adaptar la metodolog\u00eda y que el arte haga su trabajo, emocionar, transmitir\u2026 educar.<\/p>\n\n\n\n<p>El apoyo de la Comisi\u00f3n Europea para la elaboraci\u00f3n de esta publicaci\u00f3n no implica la aceptaci\u00f3n de sus contenidos, que es responsabilidad exclusiva de los autores. Por tanto, la Comisi\u00f3n no es responsable del uso que pueda hacerse de la informaci\u00f3n aqu\u00ed difundida.<\/p>\n","protected":false},"excerpt":{"rendered":"<p>Durante los a\u00f1os 2021-2022, y 2022-2023 se ha desarrollado el proyecto EducArte en Identidad Europea con la co-financiaci\u00f3n del programa Erasmus + de la Uni\u00f3n Europea. Los objetivos de este proyecto, es que el alumnado entienda la Uni\u00f3n Europea como un espacio para la cooperaci\u00f3n, la prevenci\u00f3n de nuevas guerras entre las naciones que la [&hellip;]<\/p>\n","protected":false},"author":3,"featured_media":730,"comment_status":"open","ping_status":"closed","sticky":true,"template":"","format":"standard","meta":{"_et_pb_use_builder":"","_et_pb_old_content":"","_et_gb_content_width":"","footnotes":""},"categories":[1],"tags":[10,37,36,40,41,39,38],"class_list":["post-729","post","type-post","status-publish","format-standard","has-post-thumbnail","hentry","category-uncategorized","tag-educarte-en-identidad-europea-2023","tag-erasmus-2023","tag-fuenlabrada","tag-ies-barrio-loranca","tag-ies-joaquin-araujo","tag-ies-la-serna","tag-nora-usterman"],"_links":{"self":[{"href":"https:\/\/erasmusplus-educarte.eu\/index.php\/wp-json\/wp\/v2\/posts\/729","targetHints":{"allow":["GET"]}}],"collection":[{"href":"https:\/\/erasmusplus-educarte.eu\/index.php\/wp-json\/wp\/v2\/posts"}],"about":[{"href":"https:\/\/erasmusplus-educarte.eu\/index.php\/wp-json\/wp\/v2\/types\/post"}],"author":[{"embeddable":true,"href":"https:\/\/erasmusplus-educarte.eu\/index.php\/wp-json\/wp\/v2\/users\/3"}],"replies":[{"embeddable":true,"href":"https:\/\/erasmusplus-educarte.eu\/index.php\/wp-json\/wp\/v2\/comments?post=729"}],"version-history":[{"count":2,"href":"https:\/\/erasmusplus-educarte.eu\/index.php\/wp-json\/wp\/v2\/posts\/729\/revisions"}],"predecessor-version":[{"id":734,"href":"https:\/\/erasmusplus-educarte.eu\/index.php\/wp-json\/wp\/v2\/posts\/729\/revisions\/734"}],"wp:featuredmedia":[{"embeddable":true,"href":"https:\/\/erasmusplus-educarte.eu\/index.php\/wp-json\/wp\/v2\/media\/730"}],"wp:attachment":[{"href":"https:\/\/erasmusplus-educarte.eu\/index.php\/wp-json\/wp\/v2\/media?parent=729"}],"wp:term":[{"taxonomy":"category","embeddable":true,"href":"https:\/\/erasmusplus-educarte.eu\/index.php\/wp-json\/wp\/v2\/categories?post=729"},{"taxonomy":"post_tag","embeddable":true,"href":"https:\/\/erasmusplus-educarte.eu\/index.php\/wp-json\/wp\/v2\/tags?post=729"}],"curies":[{"name":"wp","href":"https:\/\/api.w.org\/{rel}","templated":true}]}}