{"id":758,"date":"2023-05-25T20:27:28","date_gmt":"2023-05-25T20:27:28","guid":{"rendered":"https:\/\/erasmusplus-educarte.eu\/?p=758"},"modified":"2023-06-01T20:37:36","modified_gmt":"2023-06-01T20:37:36","slug":"educarte-en-identidad-europea-cierre-del-proyecto-en-fuenlabrada-espana","status":"publish","type":"post","link":"https:\/\/erasmusplus-educarte.eu\/index.php\/2023\/05\/25\/educarte-en-identidad-europea-cierre-del-proyecto-en-fuenlabrada-espana\/","title":{"rendered":"EducArte en Identidad Europea: cierre del proyecto en Fuenlabrada (Espa\u00f1a)"},"content":{"rendered":"\n<p>Lo importante de un viaje no es la meta, es el camino.<\/p>\n\n\n\n<p><\/p>\n\n\n\n<p>El programa <strong>EducArte en Identidad Europea <\/strong>financiado por el programa Erasmus+ de la Uni\u00f3n Europea, llega a su fin en la localidad madrile\u00f1a de Fuenlabrada, Espa\u00f1a. En este camino hemos aprendido mucho del uso del arte, especialmente la m\u00fasica, y su uso como elemento vertebrador para transmitir, generar y cuidar una identidad, una pertenencia a un grupo. En este caso, Europa y lo que representa. La \u00faltima sesi\u00f3n en los centros ha consistido en una charla con Nora Usterman, artista del programa, con los alumnos y alumnas de 3\u00ba de la ESO de los centros participantes. Una charla sobre identidad europea y respeto al diferente. Y, por supuesto, de valoraci\u00f3n de las sesiones.<\/p>\n\n\n\n<p>Han sido semanas de sesiones intensas con las alumnas y alumnos. De emplear el arte para vaciarse, vaciarnos, y, desde ese punto, construir, mejorar, aprender. Crecer.<\/p>\n\n\n\n<p>Han sido semanas y sesiones de ver, que no mirar, a los compa\u00f1eros y compa\u00f1eras de aula. De aprender a integrar y valorar sus diferencias como ellos han hecho con las nuestras. De re\u00edr mucho. De emocionarse. De alcanzar objetivos.<\/p>\n\n\n\n<p>Han sido, en definitiva, semanas y sesiones de ayudarse unos a otros. Entre nosotros. De generar un espacio donde creamos una identidad com\u00fan. Siempre persiguiendo el mismo objetivo: encontrar nuestra identidad como europeos, que nos permita conciliar diferencias, construir acuerdos, armonizar la diversidad, desarrollar la comunicaci\u00f3n para construir una sociedad mejor.<\/p>\n\n\n\n<p>Y esa sensaci\u00f3n es la que queda. Que hemos visto que se puede hacer mejor. Que Europa es m\u00e1s que un nombre o un mito. M\u00e1s que directivas o bur\u00f3cratas. M\u00e1s que cualquiera de nosotros, y menos que nosotros tambi\u00e9n. Porque hemos aprendido que Europa es un concepto que engloba valores que pertenecen a la gente. A quienes vivimos aqu\u00ed y tambi\u00e9n a los que llegan de all\u00ed.<\/p>\n\n\n\n<p>La meta a\u00fan est\u00e1 muy lejana. \u00cdtaca es a\u00fan un recuerdo al que llegar.<\/p>\n\n\n\n<p>Pero el camino ha sido, est\u00e1 siendo, apasionante.<\/p>\n\n\n\n<figure class=\"wp-block-gallery has-nested-images columns-default is-cropped wp-block-gallery-1 is-layout-flex wp-block-gallery-is-layout-flex\">\n<figure class=\"wp-block-image size-large\"><img loading=\"lazy\" decoding=\"async\" width=\"537\" height=\"731\" data-id=\"761\" src=\"https:\/\/erasmusplus-educarte.eu\/wp-content\/uploads\/2023\/06\/image010.jpg\" alt=\"\" class=\"wp-image-761\" srcset=\"https:\/\/erasmusplus-educarte.eu\/wp-content\/uploads\/2023\/06\/image010.jpg 537w, https:\/\/erasmusplus-educarte.eu\/wp-content\/uploads\/2023\/06\/image010-480x653.jpg 480w\" sizes=\"auto, (min-width: 0px) and (max-width: 480px) 480px, (min-width: 481px) 537px, 100vw\" \/><\/figure>\n\n\n\n<figure class=\"wp-block-image size-large\"><img loading=\"lazy\" decoding=\"async\" width=\"633\" height=\"475\" data-id=\"759\" src=\"https:\/\/erasmusplus-educarte.eu\/wp-content\/uploads\/2023\/06\/cierre-01.jpg\" alt=\"\" class=\"wp-image-759\" srcset=\"https:\/\/erasmusplus-educarte.eu\/wp-content\/uploads\/2023\/06\/cierre-01.jpg 633w, https:\/\/erasmusplus-educarte.eu\/wp-content\/uploads\/2023\/06\/cierre-01-480x360.jpg 480w\" sizes=\"auto, (min-width: 0px) and (max-width: 480px) 480px, (min-width: 481px) 633px, 100vw\" \/><\/figure>\n<\/figure>\n\n\n\n<p>El apoyo de la Comisi\u00f3n Europea para la elaboraci\u00f3n de esta publicaci\u00f3n no implica la aceptaci\u00f3n de sus contenidos, que es responsabilidad exclusiva de los autores. Por tanto, la Comisi\u00f3n no es responsable del uso que pueda hacerse de la informaci\u00f3n aqu\u00ed difundida. <\/p>\n","protected":false},"excerpt":{"rendered":"<p>Lo importante de un viaje no es la meta, es el camino. El programa EducArte en Identidad Europea financiado por el programa Erasmus+ de la Uni\u00f3n Europea, llega a su fin en la localidad madrile\u00f1a de Fuenlabrada, Espa\u00f1a. En este camino hemos aprendido mucho del uso del arte, especialmente la m\u00fasica, y su uso como [&hellip;]<\/p>\n","protected":false},"author":3,"featured_media":760,"comment_status":"open","ping_status":"closed","sticky":true,"template":"","format":"standard","meta":{"_et_pb_use_builder":"","_et_pb_old_content":"","_et_gb_content_width":"","footnotes":""},"categories":[1],"tags":[10,37,36,40,41,39,38],"class_list":["post-758","post","type-post","status-publish","format-standard","has-post-thumbnail","hentry","category-uncategorized","tag-educarte-en-identidad-europea-2023","tag-erasmus-2023","tag-fuenlabrada","tag-ies-barrio-loranca","tag-ies-joaquin-araujo","tag-ies-la-serna","tag-nora-usterman"],"_links":{"self":[{"href":"https:\/\/erasmusplus-educarte.eu\/index.php\/wp-json\/wp\/v2\/posts\/758","targetHints":{"allow":["GET"]}}],"collection":[{"href":"https:\/\/erasmusplus-educarte.eu\/index.php\/wp-json\/wp\/v2\/posts"}],"about":[{"href":"https:\/\/erasmusplus-educarte.eu\/index.php\/wp-json\/wp\/v2\/types\/post"}],"author":[{"embeddable":true,"href":"https:\/\/erasmusplus-educarte.eu\/index.php\/wp-json\/wp\/v2\/users\/3"}],"replies":[{"embeddable":true,"href":"https:\/\/erasmusplus-educarte.eu\/index.php\/wp-json\/wp\/v2\/comments?post=758"}],"version-history":[{"count":2,"href":"https:\/\/erasmusplus-educarte.eu\/index.php\/wp-json\/wp\/v2\/posts\/758\/revisions"}],"predecessor-version":[{"id":764,"href":"https:\/\/erasmusplus-educarte.eu\/index.php\/wp-json\/wp\/v2\/posts\/758\/revisions\/764"}],"wp:featuredmedia":[{"embeddable":true,"href":"https:\/\/erasmusplus-educarte.eu\/index.php\/wp-json\/wp\/v2\/media\/760"}],"wp:attachment":[{"href":"https:\/\/erasmusplus-educarte.eu\/index.php\/wp-json\/wp\/v2\/media?parent=758"}],"wp:term":[{"taxonomy":"category","embeddable":true,"href":"https:\/\/erasmusplus-educarte.eu\/index.php\/wp-json\/wp\/v2\/categories?post=758"},{"taxonomy":"post_tag","embeddable":true,"href":"https:\/\/erasmusplus-educarte.eu\/index.php\/wp-json\/wp\/v2\/tags?post=758"}],"curies":[{"name":"wp","href":"https:\/\/api.w.org\/{rel}","templated":true}]}}