{"id":765,"date":"2023-06-08T14:10:58","date_gmt":"2023-06-08T14:10:58","guid":{"rendered":"https:\/\/erasmusplus-educarte.eu\/?p=765"},"modified":"2023-06-08T14:10:59","modified_gmt":"2023-06-08T14:10:59","slug":"educarte-en-identidad-europea-encuentro-de-buenas-practicas-en-evora-portugal","status":"publish","type":"post","link":"https:\/\/erasmusplus-educarte.eu\/index.php\/2023\/06\/08\/educarte-en-identidad-europea-encuentro-de-buenas-practicas-en-evora-portugal\/","title":{"rendered":"EducArte en Identidad Europea: encuentro de buenas pr\u00e1cticas en \u00c9vora (Portugal)"},"content":{"rendered":"\n<p>Europa nace de una leyenda griega. Con el tiempo, ser\u00e1 el nombre de este personaje mitol\u00f3gico quien denomine al continente. Un continente que ha sido, para bien y para mal, motor de la Historia de la Humanidad.<\/p>\n\n\n\n<p>Aqu\u00ed nacieron conceptos universales y ramas del saber humano que han influido en todo el orbe: la filosof\u00eda, el arte, el Derecho Romano, rutas comerciales, descubrimientos, multitud de inventos, la Revoluci\u00f3n Francesa, la primera Declaraci\u00f3n de los Derechos del Hombre\u2026 son algunos de los legados que hemos dejado los europeos a lo largo de los siglos.<\/p>\n\n\n\n<p>Por desgracia, esta cara tambi\u00e9n tiene su cruz. Y, sin duda, las guerras mundiales ocupan un lugar destacado. Por ese motivo nace la Uni\u00f3n Europea, para tratar de evitar nuevos enfrentamientos fratricidas que supongan numerosas bajas humanas. Pero, tambi\u00e9n, el fomentar la identidad europea y potenciar los aspectos positivos que hemos aportado a la humanidad, preservarlos y difundirlos.<\/p>\n\n\n\n<p>En este contexto surge el programa <strong>EducArte en Identidad Europea<\/strong> que se ha desarrollado en 24 meses en 5 pa\u00edses europeos con ni\u00f1os y ni\u00f1as de centros escolares de ellos. Un proyecto cofinanciado por el programa Erasmus+ de la Uni\u00f3n Europea que busca fomentar la participaci\u00f3n de la ciudadan\u00eda y reforzar el sentimiento de identidad europea.<\/p>\n\n\n\n<p>El programa est\u00e1 llegando a su fin y es momento de hablar del \u00faltimo encuentro internacional de buenas pr\u00e1cticas celebrado los d\u00edas <strong>25 y 26 de mayo <\/strong>pasados en la ciudad portuguesa de \u00c9vora.<\/p>\n\n\n\n<p>Ha contado con la participaci\u00f3n de m\u00e1s de 40 personas de Portugal, Italia, Espa\u00f1a, B\u00e9lgica, Hungr\u00eda, Alemania y Suiza.<\/p>\n\n\n\n<p>Los menores y docentes de la <strong>Escuela Cruz de Picada<\/strong> del Agrupamiento de Escuelas Manuel Ferreira Patricio fueron los grandes protagonistas de este encuentro de cierre (gracias Mar\u00eda Joao por todo).<\/p>\n\n\n\n<p>El primer d\u00eda, despu\u00e9s de la bienvenida institucional por parte del Ayuntamiento de \u00c9vora y la Universidad de \u00c9vora se hizo un repaso al trabajo realizado con los menores en \u00c9vora durante estos 2 a\u00f1os (\u00c9vora del Megal\u00edtico, \u00c9vora Romana, \u00c9vora de las Tres Culturas, \u00c9vora y las Casas Reales).<\/p>\n\n\n\n<figure class=\"wp-block-gallery has-nested-images columns-default is-cropped wp-block-gallery-1 is-layout-flex wp-block-gallery-is-layout-flex\">\n<figure class=\"wp-block-image size-large\"><img loading=\"lazy\" decoding=\"async\" width=\"1024\" height=\"768\" data-id=\"773\" src=\"https:\/\/erasmusplus-educarte.eu\/wp-content\/uploads\/2023\/06\/IMG_6694-1024x768.jpg\" alt=\"\" class=\"wp-image-773\" srcset=\"https:\/\/erasmusplus-educarte.eu\/wp-content\/uploads\/2023\/06\/IMG_6694-980x735.jpg 980w, https:\/\/erasmusplus-educarte.eu\/wp-content\/uploads\/2023\/06\/IMG_6694-480x360.jpg 480w\" sizes=\"auto, (min-width: 0px) and (max-width: 480px) 480px, (min-width: 481px) and (max-width: 980px) 980px, (min-width: 981px) 1024px, 100vw\" \/><\/figure>\n\n\n\n<figure class=\"wp-block-image size-large\"><img loading=\"lazy\" decoding=\"async\" width=\"1024\" height=\"768\" data-id=\"772\" src=\"https:\/\/erasmusplus-educarte.eu\/wp-content\/uploads\/2023\/06\/IMG_6693-1024x768.jpg\" alt=\"\" class=\"wp-image-772\" srcset=\"https:\/\/erasmusplus-educarte.eu\/wp-content\/uploads\/2023\/06\/IMG_6693-980x735.jpg 980w, https:\/\/erasmusplus-educarte.eu\/wp-content\/uploads\/2023\/06\/IMG_6693-480x360.jpg 480w\" sizes=\"auto, (min-width: 0px) and (max-width: 480px) 480px, (min-width: 481px) and (max-width: 980px) 980px, (min-width: 981px) 1024px, 100vw\" \/><\/figure>\n\n\n\n<figure class=\"wp-block-image size-large\"><img loading=\"lazy\" decoding=\"async\" width=\"1024\" height=\"768\" data-id=\"771\" src=\"https:\/\/erasmusplus-educarte.eu\/wp-content\/uploads\/2023\/06\/IMG_6691-1024x768.jpg\" alt=\"\" class=\"wp-image-771\" srcset=\"https:\/\/erasmusplus-educarte.eu\/wp-content\/uploads\/2023\/06\/IMG_6691-980x735.jpg 980w, https:\/\/erasmusplus-educarte.eu\/wp-content\/uploads\/2023\/06\/IMG_6691-480x360.jpg 480w\" sizes=\"auto, (min-width: 0px) and (max-width: 480px) 480px, (min-width: 481px) and (max-width: 980px) 980px, (min-width: 981px) 1024px, 100vw\" \/><\/figure>\n\n\n\n<figure class=\"wp-block-image size-large\"><img loading=\"lazy\" decoding=\"async\" width=\"640\" height=\"480\" data-id=\"770\" src=\"https:\/\/erasmusplus-educarte.eu\/wp-content\/uploads\/2023\/06\/IMG_6688.jpg\" alt=\"\" class=\"wp-image-770\" srcset=\"https:\/\/erasmusplus-educarte.eu\/wp-content\/uploads\/2023\/06\/IMG_6688.jpg 640w, https:\/\/erasmusplus-educarte.eu\/wp-content\/uploads\/2023\/06\/IMG_6688-480x360.jpg 480w\" sizes=\"auto, (min-width: 0px) and (max-width: 480px) 480px, (min-width: 481px) 640px, 100vw\" \/><\/figure>\n<\/figure>\n\n\n\n<p>Durante el segundo d\u00eda los 15 artistas europeos presentes realizaron la Jornada EducArte en la escuela Cruz de Picada, compuesta de talleres y un espect\u00e1culo musical.<\/p>\n\n\n\n<figure class=\"wp-block-gallery has-nested-images columns-default is-cropped wp-block-gallery-2 is-layout-flex wp-block-gallery-is-layout-flex\">\n<figure class=\"wp-block-image size-large\"><img loading=\"lazy\" decoding=\"async\" width=\"640\" height=\"480\" data-id=\"769\" src=\"https:\/\/erasmusplus-educarte.eu\/wp-content\/uploads\/2023\/06\/IMG_6680.jpg\" alt=\"\" class=\"wp-image-769\" srcset=\"https:\/\/erasmusplus-educarte.eu\/wp-content\/uploads\/2023\/06\/IMG_6680.jpg 640w, https:\/\/erasmusplus-educarte.eu\/wp-content\/uploads\/2023\/06\/IMG_6680-480x360.jpg 480w\" sizes=\"auto, (min-width: 0px) and (max-width: 480px) 480px, (min-width: 481px) 640px, 100vw\" \/><\/figure>\n\n\n\n<figure class=\"wp-block-image size-large\"><img loading=\"lazy\" decoding=\"async\" width=\"640\" height=\"480\" data-id=\"768\" src=\"https:\/\/erasmusplus-educarte.eu\/wp-content\/uploads\/2023\/06\/IMG_6674.jpg\" alt=\"\" class=\"wp-image-768\" srcset=\"https:\/\/erasmusplus-educarte.eu\/wp-content\/uploads\/2023\/06\/IMG_6674.jpg 640w, https:\/\/erasmusplus-educarte.eu\/wp-content\/uploads\/2023\/06\/IMG_6674-480x360.jpg 480w\" sizes=\"auto, (min-width: 0px) and (max-width: 480px) 480px, (min-width: 481px) 640px, 100vw\" \/><\/figure>\n\n\n\n<figure class=\"wp-block-image size-large\"><img loading=\"lazy\" decoding=\"async\" width=\"640\" height=\"472\" data-id=\"767\" src=\"https:\/\/erasmusplus-educarte.eu\/wp-content\/uploads\/2023\/06\/IMG_6663.jpg\" alt=\"\" class=\"wp-image-767\" srcset=\"https:\/\/erasmusplus-educarte.eu\/wp-content\/uploads\/2023\/06\/IMG_6663.jpg 640w, https:\/\/erasmusplus-educarte.eu\/wp-content\/uploads\/2023\/06\/IMG_6663-480x354.jpg 480w\" sizes=\"auto, (min-width: 0px) and (max-width: 480px) 480px, (min-width: 481px) 640px, 100vw\" \/><\/figure>\n\n\n\n<figure class=\"wp-block-image size-large\"><img loading=\"lazy\" decoding=\"async\" width=\"640\" height=\"396\" data-id=\"766\" src=\"https:\/\/erasmusplus-educarte.eu\/wp-content\/uploads\/2023\/06\/IMG_6660.jpg\" alt=\"\" class=\"wp-image-766\" srcset=\"https:\/\/erasmusplus-educarte.eu\/wp-content\/uploads\/2023\/06\/IMG_6660.jpg 640w, https:\/\/erasmusplus-educarte.eu\/wp-content\/uploads\/2023\/06\/IMG_6660-480x297.jpg 480w\" sizes=\"auto, (min-width: 0px) and (max-width: 480px) 480px, (min-width: 481px) 640px, 100vw\" \/><\/figure>\n\n\n\n<figure class=\"wp-block-image size-large\"><img loading=\"lazy\" decoding=\"async\" width=\"1024\" height=\"768\" data-id=\"774\" src=\"https:\/\/erasmusplus-educarte.eu\/wp-content\/uploads\/2023\/06\/IMG_6702-1024x768.jpg\" alt=\"\" class=\"wp-image-774\" srcset=\"https:\/\/erasmusplus-educarte.eu\/wp-content\/uploads\/2023\/06\/IMG_6702-980x735.jpg 980w, https:\/\/erasmusplus-educarte.eu\/wp-content\/uploads\/2023\/06\/IMG_6702-480x360.jpg 480w\" sizes=\"auto, (min-width: 0px) and (max-width: 480px) 480px, (min-width: 481px) and (max-width: 980px) 980px, (min-width: 981px) 1024px, 100vw\" \/><\/figure>\n<\/figure>\n\n\n\n<p>Cruz de Picada ha sido el cierre perfecto al proyecto Educarte.<\/p>\n\n\n\n<p>Desde la legaci\u00f3n espa\u00f1ola el proyecto agradecemos al equipo directivo del centro escolar Cruz de Picada, al Agrupamiento de Escuelas Manuel Ferreira Patricio, a la <a href=\"https:\/\/aymp.pt\/\">Associa\u00e7\u00e3o Yehudi Menuhin Portugal<\/a> (gracias, Leonor), a la <a href=\"https:\/\/www.uevora.pt\/\">Universidad de \u00c9vora<\/a> (gracias, Isabel), al <a href=\"https:\/\/www.cm-evora.pt\/\">Ayuntamiento de \u00c9vora<\/a> su implicaci\u00f3n en el encuentro y su intenso trabajo, y agradecemos a todos los participantes europeos su entusiasmo y el cari\u00f1o demostrado.<\/p>\n\n\n\n<p>El apoyo de la Comisi\u00f3n Europea para la elaboraci\u00f3n de esta publicaci\u00f3n no implica la aceptaci\u00f3n de sus contenidos, que es responsabilidad exclusiva de los autores. Por tanto, la Comisi\u00f3n no es responsable del uso que pueda hacerse de la informaci\u00f3n aqu\u00ed difundida.<\/p>\n","protected":false},"excerpt":{"rendered":"<p>Europa nace de una leyenda griega. Con el tiempo, ser\u00e1 el nombre de este personaje mitol\u00f3gico quien denomine al continente. Un continente que ha sido, para bien y para mal, motor de la Historia de la Humanidad. Aqu\u00ed nacieron conceptos universales y ramas del saber humano que han influido en todo el orbe: la filosof\u00eda, [&hellip;]<\/p>\n","protected":false},"author":3,"featured_media":775,"comment_status":"open","ping_status":"closed","sticky":true,"template":"","format":"standard","meta":{"_et_pb_use_builder":"","_et_pb_old_content":"","_et_gb_content_width":"","footnotes":""},"categories":[1],"tags":[10,37],"class_list":["post-765","post","type-post","status-publish","format-standard","has-post-thumbnail","hentry","category-uncategorized","tag-educarte-en-identidad-europea-2023","tag-erasmus-2023"],"_links":{"self":[{"href":"https:\/\/erasmusplus-educarte.eu\/index.php\/wp-json\/wp\/v2\/posts\/765","targetHints":{"allow":["GET"]}}],"collection":[{"href":"https:\/\/erasmusplus-educarte.eu\/index.php\/wp-json\/wp\/v2\/posts"}],"about":[{"href":"https:\/\/erasmusplus-educarte.eu\/index.php\/wp-json\/wp\/v2\/types\/post"}],"author":[{"embeddable":true,"href":"https:\/\/erasmusplus-educarte.eu\/index.php\/wp-json\/wp\/v2\/users\/3"}],"replies":[{"embeddable":true,"href":"https:\/\/erasmusplus-educarte.eu\/index.php\/wp-json\/wp\/v2\/comments?post=765"}],"version-history":[{"count":1,"href":"https:\/\/erasmusplus-educarte.eu\/index.php\/wp-json\/wp\/v2\/posts\/765\/revisions"}],"predecessor-version":[{"id":776,"href":"https:\/\/erasmusplus-educarte.eu\/index.php\/wp-json\/wp\/v2\/posts\/765\/revisions\/776"}],"wp:featuredmedia":[{"embeddable":true,"href":"https:\/\/erasmusplus-educarte.eu\/index.php\/wp-json\/wp\/v2\/media\/775"}],"wp:attachment":[{"href":"https:\/\/erasmusplus-educarte.eu\/index.php\/wp-json\/wp\/v2\/media?parent=765"}],"wp:term":[{"taxonomy":"category","embeddable":true,"href":"https:\/\/erasmusplus-educarte.eu\/index.php\/wp-json\/wp\/v2\/categories?post=765"},{"taxonomy":"post_tag","embeddable":true,"href":"https:\/\/erasmusplus-educarte.eu\/index.php\/wp-json\/wp\/v2\/tags?post=765"}],"curies":[{"name":"wp","href":"https:\/\/api.w.org\/{rel}","templated":true}]}}