{"id":777,"date":"2023-05-30T15:53:08","date_gmt":"2023-05-30T15:53:08","guid":{"rendered":"https:\/\/erasmusplus-educarte.eu\/?p=777"},"modified":"2023-06-08T15:56:53","modified_gmt":"2023-06-08T15:56:53","slug":"educarte-en-identidad-europea-talleres-de-la-fyme-y-la-universidad-rey-juan-carlos-en-la-escuela-cruz-de-picada-en-evora-portugal","status":"publish","type":"post","link":"https:\/\/erasmusplus-educarte.eu\/index.php\/2023\/05\/30\/educarte-en-identidad-europea-talleres-de-la-fyme-y-la-universidad-rey-juan-carlos-en-la-escuela-cruz-de-picada-en-evora-portugal\/","title":{"rendered":"EducArte en Identidad Europea: talleres de la FYME y la Universidad Rey Juan Carlos en la Escuela Cruz de Picada en \u00c9vora (Portugal)"},"content":{"rendered":"\n<p>Una de las ideas fuerza de la Uni\u00f3n Europea es la de <strong>compartir<\/strong>. Desde un espacio f\u00edsico, mediante la eliminaci\u00f3n pr\u00e1ctica de fronteras, hasta conocimientos e informaci\u00f3n.<\/p>\n\n\n\n<p>Esta es una idea que hemos querido replicar en <strong>EducArte en Identidad Europea<\/strong>, el proyecto cofinanciado por el programa Erasmus+ de la Uni\u00f3n Europea y que desarrollamos en 5 pa\u00edses.<\/p>\n\n\n\n<p>Durando los pasado 25 y 26 de mayo hemos celebrado un encuentro internacional de buenas pr\u00e1cticas del que daremos cuenta en unos d\u00edas. Pero hay queremos presentaros un caso de \u00e9xito de esta filosof\u00eda de compartir el conocimiento.<\/p>\n\n\n\n<p>Y es que la <strong>Fundaci\u00f3n Yehudi Menuhin Espa\u00f1a<\/strong> <strong>(FYME)<\/strong> y la <strong>Universidad Rey Juan Carlos<\/strong> trabajaron en la Escuela <strong>Cruz de Picada<\/strong> la Identidad Europea a trav\u00e9s del Patrimonio Hist\u00f3rico y el Arte.<\/p>\n\n\n\n<p>La artista de FYME Nora Usterman llev\u00f3 a cabo el taller dedicado a las m\u00fasicas y danzas de la Corte del siglo XVII a partir de la figura del violinista y compositor Luigi Boccherini.<\/p>\n\n\n\n<p>Por otro lado, con los alumnos y alumnas de 1\u00ba de Primaria se llev\u00f3 a cabo un taller de m\u00e1scaras.<\/p>\n\n\n\n<figure class=\"wp-block-gallery has-nested-images columns-default is-cropped wp-block-gallery-1 is-layout-flex wp-block-gallery-is-layout-flex\">\n<figure class=\"wp-block-image size-large\"><img loading=\"lazy\" decoding=\"async\" width=\"1024\" height=\"768\" data-id=\"781\" src=\"https:\/\/erasmusplus-educarte.eu\/wp-content\/uploads\/2023\/06\/PHOTO-2023-05-26-13-22-33-1024x768.jpg\" alt=\"\" class=\"wp-image-781\" srcset=\"https:\/\/erasmusplus-educarte.eu\/wp-content\/uploads\/2023\/06\/PHOTO-2023-05-26-13-22-33-980x735.jpg 980w, https:\/\/erasmusplus-educarte.eu\/wp-content\/uploads\/2023\/06\/PHOTO-2023-05-26-13-22-33-480x360.jpg 480w\" sizes=\"auto, (min-width: 0px) and (max-width: 480px) 480px, (min-width: 481px) and (max-width: 980px) 980px, (min-width: 981px) 1024px, 100vw\" \/><\/figure>\n\n\n\n<figure class=\"wp-block-image size-large\"><img loading=\"lazy\" decoding=\"async\" width=\"1024\" height=\"768\" data-id=\"780\" src=\"https:\/\/erasmusplus-educarte.eu\/wp-content\/uploads\/2023\/06\/IMG_6699-1024x768.jpg\" alt=\"\" class=\"wp-image-780\" srcset=\"https:\/\/erasmusplus-educarte.eu\/wp-content\/uploads\/2023\/06\/IMG_6699-980x735.jpg 980w, https:\/\/erasmusplus-educarte.eu\/wp-content\/uploads\/2023\/06\/IMG_6699-480x360.jpg 480w\" sizes=\"auto, (min-width: 0px) and (max-width: 480px) 480px, (min-width: 481px) and (max-width: 980px) 980px, (min-width: 981px) 1024px, 100vw\" \/><\/figure>\n\n\n\n<figure class=\"wp-block-image size-large\"><img loading=\"lazy\" decoding=\"async\" width=\"768\" height=\"1024\" data-id=\"779\" src=\"https:\/\/erasmusplus-educarte.eu\/wp-content\/uploads\/2023\/06\/IMG_6698-768x1024.jpg\" alt=\"\" class=\"wp-image-779\"\/><\/figure>\n\n\n\n<figure class=\"wp-block-image size-large\"><img loading=\"lazy\" decoding=\"async\" width=\"768\" height=\"1024\" data-id=\"778\" src=\"https:\/\/erasmusplus-educarte.eu\/wp-content\/uploads\/2023\/06\/IMG_6697-768x1024.jpg\" alt=\"\" class=\"wp-image-778\"\/><\/figure>\n<\/figure>\n\n\n\n<p>El apoyo de la Comisi\u00f3n Europea para la elaboraci\u00f3n de esta publicaci\u00f3n no implica la aceptaci\u00f3n de sus contenidos, que es responsabilidad exclusiva de los autores. Por tanto, la Comisi\u00f3n no es responsable del uso que pueda hacerse de la informaci\u00f3n aqu\u00ed difundida.<\/p>\n","protected":false},"excerpt":{"rendered":"<p>Una de las ideas fuerza de la Uni\u00f3n Europea es la de compartir. Desde un espacio f\u00edsico, mediante la eliminaci\u00f3n pr\u00e1ctica de fronteras, hasta conocimientos e informaci\u00f3n. Esta es una idea que hemos querido replicar en EducArte en Identidad Europea, el proyecto cofinanciado por el programa Erasmus+ de la Uni\u00f3n Europea y que desarrollamos en [&hellip;]<\/p>\n","protected":false},"author":3,"featured_media":782,"comment_status":"open","ping_status":"closed","sticky":true,"template":"","format":"standard","meta":{"_et_pb_use_builder":"","_et_pb_old_content":"","_et_gb_content_width":"","footnotes":""},"categories":[1],"tags":[],"class_list":["post-777","post","type-post","status-publish","format-standard","has-post-thumbnail","hentry","category-uncategorized"],"_links":{"self":[{"href":"https:\/\/erasmusplus-educarte.eu\/index.php\/wp-json\/wp\/v2\/posts\/777","targetHints":{"allow":["GET"]}}],"collection":[{"href":"https:\/\/erasmusplus-educarte.eu\/index.php\/wp-json\/wp\/v2\/posts"}],"about":[{"href":"https:\/\/erasmusplus-educarte.eu\/index.php\/wp-json\/wp\/v2\/types\/post"}],"author":[{"embeddable":true,"href":"https:\/\/erasmusplus-educarte.eu\/index.php\/wp-json\/wp\/v2\/users\/3"}],"replies":[{"embeddable":true,"href":"https:\/\/erasmusplus-educarte.eu\/index.php\/wp-json\/wp\/v2\/comments?post=777"}],"version-history":[{"count":1,"href":"https:\/\/erasmusplus-educarte.eu\/index.php\/wp-json\/wp\/v2\/posts\/777\/revisions"}],"predecessor-version":[{"id":783,"href":"https:\/\/erasmusplus-educarte.eu\/index.php\/wp-json\/wp\/v2\/posts\/777\/revisions\/783"}],"wp:featuredmedia":[{"embeddable":true,"href":"https:\/\/erasmusplus-educarte.eu\/index.php\/wp-json\/wp\/v2\/media\/782"}],"wp:attachment":[{"href":"https:\/\/erasmusplus-educarte.eu\/index.php\/wp-json\/wp\/v2\/media?parent=777"}],"wp:term":[{"taxonomy":"category","embeddable":true,"href":"https:\/\/erasmusplus-educarte.eu\/index.php\/wp-json\/wp\/v2\/categories?post=777"},{"taxonomy":"post_tag","embeddable":true,"href":"https:\/\/erasmusplus-educarte.eu\/index.php\/wp-json\/wp\/v2\/tags?post=777"}],"curies":[{"name":"wp","href":"https:\/\/api.w.org\/{rel}","templated":true}]}}