{"id":790,"date":"2023-06-09T10:00:00","date_gmt":"2023-06-09T10:00:00","guid":{"rendered":"https:\/\/erasmusplus-educarte.eu\/?p=790"},"modified":"2023-06-08T16:56:44","modified_gmt":"2023-06-08T16:56:44","slug":"educarte-en-identidad-europea-reunion-final-de-coordinacion-del-programa-en-lisboa","status":"publish","type":"post","link":"https:\/\/erasmusplus-educarte.eu\/index.php\/2023\/06\/09\/educarte-en-identidad-europea-reunion-final-de-coordinacion-del-programa-en-lisboa\/","title":{"rendered":"EducArte en Identidad Europea: reuni\u00f3n final de coordinaci\u00f3n del programa en Lisboa"},"content":{"rendered":"\n<p>Los programas que se crean para la educaci\u00f3n, lo hacen con vocaci\u00f3n de continuidad. Para ello no s\u00f3lo son imprescindibles los medios econ\u00f3micos como, en el caso de <strong>EducArte en Identidad Europea<\/strong>, han sido las aportaciones del programa Erasmus+ de la Uni\u00f3n Europea adem\u00e1s de otros colaboradores a nivel nacional en cada uno de los pa\u00edses. Para que un programa tenga continuidad es necesaria una escrupulosa planificaci\u00f3n, ejecuci\u00f3n y desarrollo.<\/p>\n\n\n\n<p>Sin vigilancia y evaluaciones es muy f\u00e1cil perder el control del proyecto y que \u00e9ste pierda su esencia o devenga en consecuencias que poco o nada ten\u00edan que ver con las originales, por eso el control y las reuniones de coordinaci\u00f3n son fundamentales.<\/p>\n\n\n\n<p>A lo largo de estos 24 meses todos los participantes del proyecto, a menor o mayor escala, han mantenido este tipo de encuentros para poder evaluar <em>en directo<\/em> las fases del programa y reorientar si era el caso.<\/p>\n\n\n\n<p>Ahora, con el fin del proyecto, llega la reuni\u00f3n m\u00e1s importante, compleja y emotiva de todas.<\/p>\n\n\n\n<figure class=\"wp-block-image size-large\"><img loading=\"lazy\" decoding=\"async\" width=\"1024\" height=\"771\" src=\"https:\/\/erasmusplus-educarte.eu\/wp-content\/uploads\/2023\/06\/IMG_6703-1024x771.jpg\" alt=\"\" class=\"wp-image-794\" srcset=\"https:\/\/erasmusplus-educarte.eu\/wp-content\/uploads\/2023\/06\/IMG_6703-980x738.jpg 980w, https:\/\/erasmusplus-educarte.eu\/wp-content\/uploads\/2023\/06\/IMG_6703-480x362.jpg 480w\" sizes=\"auto, (min-width: 0px) and (max-width: 480px) 480px, (min-width: 481px) and (max-width: 980px) 980px, (min-width: 981px) 1024px, 100vw\" \/><\/figure>\n\n\n\n<p>Dentro del marco de la reuni\u00f3n semestral del IMC, celebrada en Lisboa los pasados 28 a 30 de mayo, tuvo lugar la reuni\u00f3n de cierre del proyecto <strong>EducArte<\/strong> entre los socios espa\u00f1oles, italianos, portugueses, h\u00fangaros y belgas del proyecto que trataron los aspectos asociados a la elaboraci\u00f3n de la memoria final del proyecto:<\/p>\n\n\n\n<p>1.&nbsp;&nbsp;&nbsp;&nbsp;&nbsp;&nbsp; Documentaci\u00f3n de todos los encuentros internacionales<\/p>\n\n\n\n<p>2.&nbsp;&nbsp;&nbsp;&nbsp;&nbsp;&nbsp; Documentaci\u00f3n de las actividades desarrolladas a nivel nacional durante la vida del proyecto<\/p>\n\n\n\n<p>3.&nbsp;&nbsp;&nbsp;&nbsp;&nbsp;&nbsp; Materiales audiovisuales que reflejen el trabajo realizado<\/p>\n\n\n\n<p>4.&nbsp;&nbsp;&nbsp;&nbsp;&nbsp;&nbsp; Evaluaciones de las acciones transnacionales llevadas a cabo<\/p>\n\n\n\n<p>5.&nbsp;&nbsp;&nbsp;&nbsp;&nbsp;&nbsp; Certificados de asistencia y listados de firmas de asistentes<\/p>\n\n\n\n<p>6.&nbsp;&nbsp;&nbsp;&nbsp;&nbsp;&nbsp; Unidades did\u00e1cticas desarrolladas sobre Identidad Europea<\/p>\n\n\n\n<p>Toda esta documentaci\u00f3n, informes y evaluaciones se plasmar\u00e1n en un documento final que servir\u00e1 de gu\u00eda para futuras ediciones del programa y para presentar los resultados pertinentes a todas las instituciones y entidades que han apoyado el proyecto. Sin ellos y sin la implicaci\u00f3n de la red internacional, los centros educativos, artistas y tantas personas, EducArte no habr\u00eda sido posible.<\/p>\n\n\n\n<p>A\u00fan quedan noticias por salir, pero ahora es el momento de agradecerles a todos y todas su esfuerzo, a veces sobrehumano, para ayudar a cimentar una identidad europea en las generaciones que tendr\u00e1n que pilotar la nave de esta gran Uni\u00f3n.<\/p>\n\n\n\n<p>El apoyo de la Comisi\u00f3n Europea para la elaboraci\u00f3n de esta publicaci\u00f3n no implica la aceptaci\u00f3n de sus contenidos, que es responsabilidad exclusiva de los autores. Por tanto, la Comisi\u00f3n no es responsable del uso que pueda hacerse de la informaci\u00f3n aqu\u00ed difundida.<\/p>\n","protected":false},"excerpt":{"rendered":"<p>Los programas que se crean para la educaci\u00f3n, lo hacen con vocaci\u00f3n de continuidad. Para ello no s\u00f3lo son imprescindibles los medios econ\u00f3micos como, en el caso de EducArte en Identidad Europea, han sido las aportaciones del programa Erasmus+ de la Uni\u00f3n Europea adem\u00e1s de otros colaboradores a nivel nacional en cada uno de los [&hellip;]<\/p>\n","protected":false},"author":3,"featured_media":793,"comment_status":"open","ping_status":"closed","sticky":true,"template":"","format":"standard","meta":{"_et_pb_use_builder":"","_et_pb_old_content":"","_et_gb_content_width":"","footnotes":""},"categories":[1],"tags":[],"class_list":["post-790","post","type-post","status-publish","format-standard","has-post-thumbnail","hentry","category-uncategorized"],"_links":{"self":[{"href":"https:\/\/erasmusplus-educarte.eu\/index.php\/wp-json\/wp\/v2\/posts\/790","targetHints":{"allow":["GET"]}}],"collection":[{"href":"https:\/\/erasmusplus-educarte.eu\/index.php\/wp-json\/wp\/v2\/posts"}],"about":[{"href":"https:\/\/erasmusplus-educarte.eu\/index.php\/wp-json\/wp\/v2\/types\/post"}],"author":[{"embeddable":true,"href":"https:\/\/erasmusplus-educarte.eu\/index.php\/wp-json\/wp\/v2\/users\/3"}],"replies":[{"embeddable":true,"href":"https:\/\/erasmusplus-educarte.eu\/index.php\/wp-json\/wp\/v2\/comments?post=790"}],"version-history":[{"count":1,"href":"https:\/\/erasmusplus-educarte.eu\/index.php\/wp-json\/wp\/v2\/posts\/790\/revisions"}],"predecessor-version":[{"id":795,"href":"https:\/\/erasmusplus-educarte.eu\/index.php\/wp-json\/wp\/v2\/posts\/790\/revisions\/795"}],"wp:featuredmedia":[{"embeddable":true,"href":"https:\/\/erasmusplus-educarte.eu\/index.php\/wp-json\/wp\/v2\/media\/793"}],"wp:attachment":[{"href":"https:\/\/erasmusplus-educarte.eu\/index.php\/wp-json\/wp\/v2\/media?parent=790"}],"wp:term":[{"taxonomy":"category","embeddable":true,"href":"https:\/\/erasmusplus-educarte.eu\/index.php\/wp-json\/wp\/v2\/categories?post=790"},{"taxonomy":"post_tag","embeddable":true,"href":"https:\/\/erasmusplus-educarte.eu\/index.php\/wp-json\/wp\/v2\/tags?post=790"}],"curies":[{"name":"wp","href":"https:\/\/api.w.org\/{rel}","templated":true}]}}