{"id":853,"date":"2022-11-11T17:08:00","date_gmt":"2022-11-11T17:08:00","guid":{"rendered":"https:\/\/erasmusplus-educarte.eu\/?p=853"},"modified":"2023-07-03T17:10:49","modified_gmt":"2023-07-03T17:10:49","slug":"educarte-en-identidad-europea-la-delegacion-italiana-celebra-el-dia-de-la-unesco","status":"publish","type":"post","link":"https:\/\/erasmusplus-educarte.eu\/index.php\/2022\/11\/11\/educarte-en-identidad-europea-la-delegacion-italiana-celebra-el-dia-de-la-unesco\/","title":{"rendered":"EducArte en Identidad Europea: la delegaci\u00f3n italiana celebra el D\u00eda de la UNESCO"},"content":{"rendered":"\n<p>El Programa <strong>EducArte en Identidad Europea <\/strong>es una iniciativa que busca promover la educaci\u00f3n art\u00edstica como medio para fomentar la cohesi\u00f3n social y la identidad europea. Desarrollado por entidades de <strong>cinco pa\u00edses<\/strong>: Espa\u00f1a, Portugal, Italia, Hungr\u00eda y B\u00e9lgica, uno de sus principales objetivos es el generar espacios de encuentro.<\/p>\n\n\n\n<p>Como espacio de encuentro es este gran proyecto que nos permite conocer las iniciativas que desarrollan todas las delegaciones que participan en el mismo para fomentar el esp\u00edritu europeo.<\/p>\n\n\n\n<p>Como el caso que nos ocupa hoy y que viene de la mano de los compa\u00f1eros de la <strong><a href=\"https:\/\/www.mus-e.it\/\">MUS-E Fondazione ETS<\/a> <\/strong>de Italia. Y es que celebraron una jornada de puertas abiertas con motivo del D\u00eda de la Unesco en el que los ni\u00f1os y ni\u00f1as participantes del programa realizaron una performance de danza para reflejar la uni\u00f3n y el esp\u00edritu que defienden tanto la Uni\u00f3n Europea en lo pol\u00edtico y derechos humanos como la UNESCO en la Educaci\u00f3n.<\/p>\n\n\n\n<figure class=\"wp-block-embed is-type-video is-provider-youtube wp-block-embed-youtube wp-embed-aspect-16-9 wp-has-aspect-ratio\"><div class=\"wp-block-embed__wrapper\">\n<iframe loading=\"lazy\" title=\"Open door. Unesco Day. Italy\" width=\"1080\" height=\"608\" src=\"https:\/\/www.youtube.com\/embed\/sY4WkblYiAo?feature=oembed\"  allow=\"accelerometer; autoplay; clipboard-write; encrypted-media; gyroscope; picture-in-picture; web-share\" allowfullscreen><\/iframe>\n<\/div><\/figure>\n\n\n\n<p>Y es que el D\u00eda de la Unesco se celebra todos los 4 de noviembre para conmemorar que ese d\u00eda de 1946 se fund\u00f3 este organismo con la firma de una veintena de pa\u00edses. Y es que, creada tras la Segunda Guerra Mundial, la UNESCO nace con el objetivo de mejorar los sistemas educativos y la calidad de las sociedades que tienen menos medios para hacer llegar la educaci\u00f3n y la cultura a sus ciudadanos. A trav\u00e9s de la educaci\u00f3n se pretende mantener la Paz Mundial. En sus or\u00edgenes, la UNESCO se cre\u00f3 para reestablecer los sistemas educativos que hab\u00edan desaparecido como consecuencia de la II Guerra Mundial y para tratar de devolver la calidad de vida a las sociedades v\u00edctimas de esta terrible cat\u00e1strofe.<\/p>\n\n\n\n<p>El apoyo de la Comisi\u00f3n Europea para la elaboraci\u00f3n de esta publicaci\u00f3n no implica la aceptaci\u00f3n de sus contenidos, que es responsabilidad exclusiva de los autores. Por tanto, la Comisi\u00f3n no es responsable del uso que pueda hacerse de la informaci\u00f3n aqu\u00ed difundida.<\/p>\n","protected":false},"excerpt":{"rendered":"<p>El Programa EducArte en Identidad Europea es una iniciativa que busca promover la educaci\u00f3n art\u00edstica como medio para fomentar la cohesi\u00f3n social y la identidad europea. Desarrollado por entidades de cinco pa\u00edses: Espa\u00f1a, Portugal, Italia, Hungr\u00eda y B\u00e9lgica, uno de sus principales objetivos es el generar espacios de encuentro. Como espacio de encuentro es este [&hellip;]<\/p>\n","protected":false},"author":3,"featured_media":854,"comment_status":"open","ping_status":"closed","sticky":false,"template":"","format":"standard","meta":{"_et_pb_use_builder":"","_et_pb_old_content":"","_et_gb_content_width":"","footnotes":""},"categories":[1],"tags":[10,37,21],"class_list":["post-853","post","type-post","status-publish","format-standard","has-post-thumbnail","hentry","category-uncategorized","tag-educarte-en-identidad-europea-2023","tag-erasmus-2023","tag-mus-e-italia-onlus"],"_links":{"self":[{"href":"https:\/\/erasmusplus-educarte.eu\/index.php\/wp-json\/wp\/v2\/posts\/853","targetHints":{"allow":["GET"]}}],"collection":[{"href":"https:\/\/erasmusplus-educarte.eu\/index.php\/wp-json\/wp\/v2\/posts"}],"about":[{"href":"https:\/\/erasmusplus-educarte.eu\/index.php\/wp-json\/wp\/v2\/types\/post"}],"author":[{"embeddable":true,"href":"https:\/\/erasmusplus-educarte.eu\/index.php\/wp-json\/wp\/v2\/users\/3"}],"replies":[{"embeddable":true,"href":"https:\/\/erasmusplus-educarte.eu\/index.php\/wp-json\/wp\/v2\/comments?post=853"}],"version-history":[{"count":1,"href":"https:\/\/erasmusplus-educarte.eu\/index.php\/wp-json\/wp\/v2\/posts\/853\/revisions"}],"predecessor-version":[{"id":855,"href":"https:\/\/erasmusplus-educarte.eu\/index.php\/wp-json\/wp\/v2\/posts\/853\/revisions\/855"}],"wp:featuredmedia":[{"embeddable":true,"href":"https:\/\/erasmusplus-educarte.eu\/index.php\/wp-json\/wp\/v2\/media\/854"}],"wp:attachment":[{"href":"https:\/\/erasmusplus-educarte.eu\/index.php\/wp-json\/wp\/v2\/media?parent=853"}],"wp:term":[{"taxonomy":"category","embeddable":true,"href":"https:\/\/erasmusplus-educarte.eu\/index.php\/wp-json\/wp\/v2\/categories?post=853"},{"taxonomy":"post_tag","embeddable":true,"href":"https:\/\/erasmusplus-educarte.eu\/index.php\/wp-json\/wp\/v2\/tags?post=853"}],"curies":[{"name":"wp","href":"https:\/\/api.w.org\/{rel}","templated":true}]}}