{"id":859,"date":"2022-12-29T17:39:00","date_gmt":"2022-12-29T17:39:00","guid":{"rendered":"https:\/\/erasmusplus-educarte.eu\/?p=859"},"modified":"2023-07-03T18:00:18","modified_gmt":"2023-07-03T18:00:18","slug":"educarte-en-identidad-europea-esculturas-efimeras-en-el-medio-ambiente-con-el-i-c-cena-de-turin-italia","status":"publish","type":"post","link":"https:\/\/erasmusplus-educarte.eu\/index.php\/2022\/12\/29\/educarte-en-identidad-europea-esculturas-efimeras-en-el-medio-ambiente-con-el-i-c-cena-de-turin-italia\/","title":{"rendered":"EducArte en Identidad Europea: esculturas ef\u00edmeras en el medio ambiente con el I.C. Cena de Tur\u00edn, Italia"},"content":{"rendered":"\n<p>Europa es naturaleza. Desde la des\u00e9rtica Almer\u00eda al clima polar escandinavo. Monta\u00f1as, mares, volcanes\u2026 una diversidad de paisajes que refleja lo variopinta que es nuestra regi\u00f3n.<\/p>\n\n\n\n<p>Entre todos esos elementos que conforman el ecosistema europeo, uno de los m\u00e1s importantes son los r\u00edos. Y es que Europa est\u00e1 cruzada por enormes r\u00edos navegables incluso que han conformado lo que es, desde fronteras naturales, como el Rin, hasta elementos culturales dignos de vals como el Danubio.<\/p>\n\n\n\n<p>Esto es lo que han querido poner en valor en esta ocasi\u00f3n nuestros compa\u00f1eros de la <strong><a href=\"https:\/\/www.mus-e.it\/\">MUS-E Fondazione ETS<\/a> <\/strong>de Italia dentro del programa <strong>EducArte en Identidad Europea <\/strong>cofinanciado por el programa Erasmus+ de la Uni\u00f3n Europea. Una iniciativa que busca promover la educaci\u00f3n art\u00edstica como medio para fomentar la cohesi\u00f3n social y la identidad europea.<\/p>\n\n\n\n<p>Tomando como referencia la importancia de los r\u00edos para Europa y lo vital que es su conservaci\u00f3n, mantenimiento y respeto del Medio Ambiente, los alumnos y alumnas del I.C. Cena de Tur\u00edn han viajado hasta la reserva del <a href=\"http:\/\/www.parcopopiemontese.it\/\">Aree Protette Po Piemontese<\/a> para que las riberas del r\u00edo se conviertan en salas de un museo al aire libre en el que los chicos y chicas han elaborado esculturas ef\u00edmeras con cubos pintados con los colores fluviales para representar estas importantes arterias de nuestra regi\u00f3n.<\/p>\n\n\n\n<p>Una muestra m\u00e1s de c\u00f3mo el arte puede y debe compartirse para que pueda generar un cambio en la sociedad.<\/p>\n\n\n\n<figure class=\"wp-block-embed is-type-video is-provider-youtube wp-block-embed-youtube wp-embed-aspect-16-9 wp-has-aspect-ratio\"><div class=\"wp-block-embed__wrapper\">\n<iframe loading=\"lazy\" title=\"At the river_Sculptures. Italy. Educarte\" width=\"1080\" height=\"608\" src=\"https:\/\/www.youtube.com\/embed\/r60p7Cl0yOs?feature=oembed\"  allow=\"accelerometer; autoplay; clipboard-write; encrypted-media; gyroscope; picture-in-picture; web-share\" allowfullscreen><\/iframe>\n<\/div><\/figure>\n\n\n\n<p>El apoyo de la Comisi\u00f3n Europea para la elaboraci\u00f3n de esta publicaci\u00f3n no implica la aceptaci\u00f3n de sus contenidos, que es responsabilidad exclusiva de los autores. Por tanto, la Comisi\u00f3n no es responsable del uso que pueda hacerse de la informaci\u00f3n aqu\u00ed difundida.<\/p>\n","protected":false},"excerpt":{"rendered":"<p>Europa es naturaleza. Desde la des\u00e9rtica Almer\u00eda al clima polar escandinavo. Monta\u00f1as, mares, volcanes\u2026 una diversidad de paisajes que refleja lo variopinta que es nuestra regi\u00f3n. Entre todos esos elementos que conforman el ecosistema europeo, uno de los m\u00e1s importantes son los r\u00edos. Y es que Europa est\u00e1 cruzada por enormes r\u00edos navegables incluso que [&hellip;]<\/p>\n","protected":false},"author":3,"featured_media":860,"comment_status":"open","ping_status":"closed","sticky":true,"template":"","format":"standard","meta":{"_et_pb_use_builder":"","_et_pb_old_content":"","_et_gb_content_width":"","footnotes":""},"categories":[1],"tags":[10,37,21],"class_list":["post-859","post","type-post","status-publish","format-standard","has-post-thumbnail","hentry","category-uncategorized","tag-educarte-en-identidad-europea-2023","tag-erasmus-2023","tag-mus-e-italia-onlus"],"_links":{"self":[{"href":"https:\/\/erasmusplus-educarte.eu\/index.php\/wp-json\/wp\/v2\/posts\/859","targetHints":{"allow":["GET"]}}],"collection":[{"href":"https:\/\/erasmusplus-educarte.eu\/index.php\/wp-json\/wp\/v2\/posts"}],"about":[{"href":"https:\/\/erasmusplus-educarte.eu\/index.php\/wp-json\/wp\/v2\/types\/post"}],"author":[{"embeddable":true,"href":"https:\/\/erasmusplus-educarte.eu\/index.php\/wp-json\/wp\/v2\/users\/3"}],"replies":[{"embeddable":true,"href":"https:\/\/erasmusplus-educarte.eu\/index.php\/wp-json\/wp\/v2\/comments?post=859"}],"version-history":[{"count":1,"href":"https:\/\/erasmusplus-educarte.eu\/index.php\/wp-json\/wp\/v2\/posts\/859\/revisions"}],"predecessor-version":[{"id":861,"href":"https:\/\/erasmusplus-educarte.eu\/index.php\/wp-json\/wp\/v2\/posts\/859\/revisions\/861"}],"wp:featuredmedia":[{"embeddable":true,"href":"https:\/\/erasmusplus-educarte.eu\/index.php\/wp-json\/wp\/v2\/media\/860"}],"wp:attachment":[{"href":"https:\/\/erasmusplus-educarte.eu\/index.php\/wp-json\/wp\/v2\/media?parent=859"}],"wp:term":[{"taxonomy":"category","embeddable":true,"href":"https:\/\/erasmusplus-educarte.eu\/index.php\/wp-json\/wp\/v2\/categories?post=859"},{"taxonomy":"post_tag","embeddable":true,"href":"https:\/\/erasmusplus-educarte.eu\/index.php\/wp-json\/wp\/v2\/tags?post=859"}],"curies":[{"name":"wp","href":"https:\/\/api.w.org\/{rel}","templated":true}]}}