{"id":862,"date":"2023-01-11T18:00:00","date_gmt":"2023-01-11T18:00:00","guid":{"rendered":"https:\/\/erasmusplus-educarte.eu\/?p=862"},"modified":"2023-07-03T18:45:13","modified_gmt":"2023-07-03T18:45:13","slug":"educarte-en-identidad-europea-danza-con-cantos-de-pajaros-por-el-medio-ambiente-con-el-i-c-cena-de-turin-italia","status":"publish","type":"post","link":"https:\/\/erasmusplus-educarte.eu\/index.php\/2023\/01\/11\/educarte-en-identidad-europea-danza-con-cantos-de-pajaros-por-el-medio-ambiente-con-el-i-c-cena-de-turin-italia\/","title":{"rendered":"EducArte en Identidad Europea: danza con cantos de p\u00e1jaros por el medio ambiente con el I.C. Cena de Tur\u00edn, Italia"},"content":{"rendered":"\n<p>Mucho antes de que existiera la Uni\u00f3n Europea o cualquiera de sus predecesoras en el intento de unificar el continente (desde romanos a Carlos V o Napole\u00f3n) ya las aves eran conscientes de que las fronteras son un invento humano de lo m\u00e1s arbitrario.<\/p>\n\n\n\n<p>Las rutas migratorias de p\u00e1jaros por todo el continente con recurrentes, desde \u00c1frica al norte de Europa y viceversa, teniendo como paradas indispensables los pa\u00edses del sur europeos como son Espa\u00f1a o Italia.<\/p>\n\n\n\n<p>Esta riqueza animal es parte de nuestro patrimonio en biodiversidad, un patrimonio que el calentamiento global, la industrializaci\u00f3n o el deterioro de ecosistemas naturales puede poner en peligro. Y esa riqueza natural tambi\u00e9n es parte de Europa.<\/p>\n\n\n\n<p>Esto es lo que han querido poner en valor en esta ocasi\u00f3n nuestros compa\u00f1eros de la <strong><a href=\"https:\/\/www.mus-e.it\/\">MUS-E Fondazione ETS<\/a> <\/strong>de Italia dentro del programa <strong>EducArte en Identidad Europea <\/strong>cofinanciado por el programa Erasmus+ de la Uni\u00f3n Europea. Una iniciativa que busca promover la educaci\u00f3n art\u00edstica como medio para fomentar la cohesi\u00f3n social y la identidad europea.<\/p>\n\n\n\n<p>A trav\u00e9s de una sesi\u00f3n de danza usando los cantos de los p\u00e1jaros como tonada, &nbsp;los alumnos y alumnas del I.C. Cena de Tur\u00edn han viajado hasta la reserva del <a href=\"http:\/\/www.parcopopiemontese.it\/\">Aree Protette Po Piemontese<\/a> para realizar esta performance que es un canto, nunca mejor dicho, a la comuni\u00f3n entre hombre y naturaleza. Porque sin cuidar de ella, el ser humano tampoco puede existir.<\/p>\n\n\n\n<p>Una muestra m\u00e1s de c\u00f3mo el arte puede y debe compartirse para que pueda generar un cambio en la sociedad.<\/p>\n\n\n\n<figure class=\"wp-block-embed is-type-video is-provider-youtube wp-block-embed-youtube wp-embed-aspect-16-9 wp-has-aspect-ratio\"><div class=\"wp-block-embed__wrapper\">\n<iframe loading=\"lazy\" title=\"Bird calls. Italy. Educarte\" width=\"1080\" height=\"608\" src=\"https:\/\/www.youtube.com\/embed\/H4AtK42Enkg?feature=oembed\"  allow=\"accelerometer; autoplay; clipboard-write; encrypted-media; gyroscope; picture-in-picture; web-share\" allowfullscreen><\/iframe>\n<\/div><\/figure>\n\n\n\n<p>El apoyo de la Comisi\u00f3n Europea para la elaboraci\u00f3n de esta publicaci\u00f3n no implica la aceptaci\u00f3n de sus contenidos, que es responsabilidad exclusiva de los autores. Por tanto, la Comisi\u00f3n no es responsable del uso que pueda hacerse de la informaci\u00f3n aqu\u00ed difundida.<\/p>\n","protected":false},"excerpt":{"rendered":"<p>Mucho antes de que existiera la Uni\u00f3n Europea o cualquiera de sus predecesoras en el intento de unificar el continente (desde romanos a Carlos V o Napole\u00f3n) ya las aves eran conscientes de que las fronteras son un invento humano de lo m\u00e1s arbitrario. Las rutas migratorias de p\u00e1jaros por todo el continente con recurrentes, [&hellip;]<\/p>\n","protected":false},"author":3,"featured_media":863,"comment_status":"open","ping_status":"closed","sticky":true,"template":"","format":"standard","meta":{"_et_pb_use_builder":"","_et_pb_old_content":"","_et_gb_content_width":"","footnotes":""},"categories":[1],"tags":[10,37,21],"class_list":["post-862","post","type-post","status-publish","format-standard","has-post-thumbnail","hentry","category-uncategorized","tag-educarte-en-identidad-europea-2023","tag-erasmus-2023","tag-mus-e-italia-onlus"],"_links":{"self":[{"href":"https:\/\/erasmusplus-educarte.eu\/index.php\/wp-json\/wp\/v2\/posts\/862","targetHints":{"allow":["GET"]}}],"collection":[{"href":"https:\/\/erasmusplus-educarte.eu\/index.php\/wp-json\/wp\/v2\/posts"}],"about":[{"href":"https:\/\/erasmusplus-educarte.eu\/index.php\/wp-json\/wp\/v2\/types\/post"}],"author":[{"embeddable":true,"href":"https:\/\/erasmusplus-educarte.eu\/index.php\/wp-json\/wp\/v2\/users\/3"}],"replies":[{"embeddable":true,"href":"https:\/\/erasmusplus-educarte.eu\/index.php\/wp-json\/wp\/v2\/comments?post=862"}],"version-history":[{"count":1,"href":"https:\/\/erasmusplus-educarte.eu\/index.php\/wp-json\/wp\/v2\/posts\/862\/revisions"}],"predecessor-version":[{"id":864,"href":"https:\/\/erasmusplus-educarte.eu\/index.php\/wp-json\/wp\/v2\/posts\/862\/revisions\/864"}],"wp:featuredmedia":[{"embeddable":true,"href":"https:\/\/erasmusplus-educarte.eu\/index.php\/wp-json\/wp\/v2\/media\/863"}],"wp:attachment":[{"href":"https:\/\/erasmusplus-educarte.eu\/index.php\/wp-json\/wp\/v2\/media?parent=862"}],"wp:term":[{"taxonomy":"category","embeddable":true,"href":"https:\/\/erasmusplus-educarte.eu\/index.php\/wp-json\/wp\/v2\/categories?post=862"},{"taxonomy":"post_tag","embeddable":true,"href":"https:\/\/erasmusplus-educarte.eu\/index.php\/wp-json\/wp\/v2\/tags?post=862"}],"curies":[{"name":"wp","href":"https:\/\/api.w.org\/{rel}","templated":true}]}}