{"id":866,"date":"2023-02-02T05:15:00","date_gmt":"2023-02-02T05:15:00","guid":{"rendered":"https:\/\/erasmusplus-educarte.eu\/?p=866"},"modified":"2023-07-04T05:19:02","modified_gmt":"2023-07-04T05:19:02","slug":"educarte-en-identidad-europea-danza-en-el-rio-con-el-i-c-cena-de-turin-italia","status":"publish","type":"post","link":"https:\/\/erasmusplus-educarte.eu\/index.php\/2023\/02\/02\/educarte-en-identidad-europea-danza-en-el-rio-con-el-i-c-cena-de-turin-italia\/","title":{"rendered":"EducArte en Identidad Europea: danza en el r\u00edo con el I.C. Cena de Tur\u00edn, Italia"},"content":{"rendered":"\n<p>La naturaleza es adaptabilidad. El r\u00edo fluye por su cauce y busca caminos si este se obstaculiza. El bosque se regenera tras un incendio. Las especies for\u00e1neas se adaptan a un nuevo medio y pueden llegar a colonizarlo.<\/p>\n\n\n\n<p>Algo similar pasa con Europa. Los europeos hemos tenido que adaptarnos a diferentes circunstancias a lo largo de la historia para sobrevivir, desde pandemias hasta guerras mundiales o conflictos en nuestro territorio.<\/p>\n\n\n\n<p>Esa adaptabilidad ha permitido que crezcamos como sociedad y que tengamos mucho mayor af\u00e1n integrador que otras sociedades, no en vano los Derechos del Hombre (precursores de la Declaraci\u00f3n Universal de Derechos Humanos), nacieron en Europa y se exportaron al resto del orbe.<\/p>\n\n\n\n<p>Ahora, \u00bfla adaptaci\u00f3n se aprende o es natural?. Esto es lo que han trabajado nuestros compa\u00f1eros de la <strong><a href=\"https:\/\/www.mus-e.it\/\">MUS-E Fondazione ETS<\/a><\/strong>de Italia con el I.C. Cena de Tur\u00edn dentro del programa <strong>EducArte en Identidad Europea <\/strong>cofinanciado por el programa Erasmus+ de la Uni\u00f3n Europea. Una iniciativa que busca promover la educaci\u00f3n art\u00edstica como medio para fomentar la cohesi\u00f3n social y la identidad europea.<\/p>\n\n\n\n<p>A trav\u00e9s de una sesi\u00f3n de los alumnos y alumnas de este centro turin\u00e9s han tenido que bailar, sin m\u00fasica y en la ribera del r\u00edo del <a href=\"http:\/\/www.parcopopiemontese.it\/\">Aree Protette Po Piemontese<\/a> sobre piedras de diferentes tama\u00f1os que dificultaban sus movimientos y les obligaba a adaptarse al entorno y modificar sus movimientos para mantener el equilibrio.<\/p>\n\n\n\n<p>Una muestra m\u00e1s de c\u00f3mo el arte sirve para extraer lecciones \u00fatiles para la vida en sociedad.<\/p>\n\n\n\n<figure class=\"wp-block-embed is-type-video is-provider-youtube wp-block-embed-youtube wp-embed-aspect-16-9 wp-has-aspect-ratio\"><div class=\"wp-block-embed__wrapper\">\n<iframe loading=\"lazy\" title=\"River_Dance. Italy. Educarte\" width=\"1080\" height=\"608\" src=\"https:\/\/www.youtube.com\/embed\/D_592t73H4U?feature=oembed\"  allow=\"accelerometer; autoplay; clipboard-write; encrypted-media; gyroscope; picture-in-picture; web-share\" allowfullscreen><\/iframe>\n<\/div><\/figure>\n\n\n\n<p>El apoyo de la Comisi\u00f3n Europea para la elaboraci\u00f3n de esta publicaci\u00f3n no implica la aceptaci\u00f3n de sus contenidos, que es responsabilidad exclusiva de los autores. Por tanto, la Comisi\u00f3n no es responsable del uso que pueda hacerse de la informaci\u00f3n aqu\u00ed difundida.<\/p>\n","protected":false},"excerpt":{"rendered":"<p>La naturaleza es adaptabilidad. El r\u00edo fluye por su cauce y busca caminos si este se obstaculiza. El bosque se regenera tras un incendio. Las especies for\u00e1neas se adaptan a un nuevo medio y pueden llegar a colonizarlo. Algo similar pasa con Europa. Los europeos hemos tenido que adaptarnos a diferentes circunstancias a lo largo [&hellip;]<\/p>\n","protected":false},"author":3,"featured_media":867,"comment_status":"open","ping_status":"closed","sticky":true,"template":"","format":"standard","meta":{"_et_pb_use_builder":"","_et_pb_old_content":"","_et_gb_content_width":"","footnotes":""},"categories":[1],"tags":[10,37,21],"class_list":["post-866","post","type-post","status-publish","format-standard","has-post-thumbnail","hentry","category-uncategorized","tag-educarte-en-identidad-europea-2023","tag-erasmus-2023","tag-mus-e-italia-onlus"],"_links":{"self":[{"href":"https:\/\/erasmusplus-educarte.eu\/index.php\/wp-json\/wp\/v2\/posts\/866","targetHints":{"allow":["GET"]}}],"collection":[{"href":"https:\/\/erasmusplus-educarte.eu\/index.php\/wp-json\/wp\/v2\/posts"}],"about":[{"href":"https:\/\/erasmusplus-educarte.eu\/index.php\/wp-json\/wp\/v2\/types\/post"}],"author":[{"embeddable":true,"href":"https:\/\/erasmusplus-educarte.eu\/index.php\/wp-json\/wp\/v2\/users\/3"}],"replies":[{"embeddable":true,"href":"https:\/\/erasmusplus-educarte.eu\/index.php\/wp-json\/wp\/v2\/comments?post=866"}],"version-history":[{"count":1,"href":"https:\/\/erasmusplus-educarte.eu\/index.php\/wp-json\/wp\/v2\/posts\/866\/revisions"}],"predecessor-version":[{"id":868,"href":"https:\/\/erasmusplus-educarte.eu\/index.php\/wp-json\/wp\/v2\/posts\/866\/revisions\/868"}],"wp:featuredmedia":[{"embeddable":true,"href":"https:\/\/erasmusplus-educarte.eu\/index.php\/wp-json\/wp\/v2\/media\/867"}],"wp:attachment":[{"href":"https:\/\/erasmusplus-educarte.eu\/index.php\/wp-json\/wp\/v2\/media?parent=866"}],"wp:term":[{"taxonomy":"category","embeddable":true,"href":"https:\/\/erasmusplus-educarte.eu\/index.php\/wp-json\/wp\/v2\/categories?post=866"},{"taxonomy":"post_tag","embeddable":true,"href":"https:\/\/erasmusplus-educarte.eu\/index.php\/wp-json\/wp\/v2\/tags?post=866"}],"curies":[{"name":"wp","href":"https:\/\/api.w.org\/{rel}","templated":true}]}}