{"id":972,"date":"2023-05-24T10:05:00","date_gmt":"2023-05-24T10:05:00","guid":{"rendered":"https:\/\/erasmusplus-educarte.eu\/?p=972"},"modified":"2023-07-18T10:14:51","modified_gmt":"2023-07-18T10:14:51","slug":"educarte-en-identidad-europea-defendamos-los-derechos-humanos-por-la-paz","status":"publish","type":"post","link":"https:\/\/erasmusplus-educarte.eu\/index.php\/2023\/05\/24\/educarte-en-identidad-europea-defendamos-los-derechos-humanos-por-la-paz\/","title":{"rendered":"EducArte en Identidad Europea: Defendamos los Derechos Humanos por la Paz"},"content":{"rendered":"\n<blockquote class=\"wp-block-quote is-layout-flow wp-block-quote-is-layout-flow\">\n<p><\/p>\n\n\n\n<blockquote class=\"wp-block-quote is-layout-flow wp-block-quote-is-layout-flow\">\n<p id=\"block-4ef07995-4c35-493e-998f-45c6120dab30\">\u201cSi el eco de sus voces se apaga, pereceremos\u201d<\/p>\n\n\n\n<p id=\"block-aee5c478-4286-4331-92be-61deb6fd7d5a\">(Violeta Friedman)<\/p>\n<\/blockquote>\n<\/blockquote>\n\n\n\n<p>En el marco del proyecto <strong>EducArte en Identidad Europea<\/strong>, en el que colaboran la <strong>Fundaci\u00f3n Violeta Friedman<\/strong> y la <strong>Fundaci\u00f3n Yehudi Menuhin Espa\u00f1a (FYME)<\/strong>, ha tenido lugar durante el mes de marzo en los <strong>IES La Serna y Barrio Loranca<\/strong> de Fuenlabrada, sendos talleres de sensibilizaci\u00f3n en el que <strong>Patricia Weisz<\/strong> expuso a los alumnos y alumnas de 3\u00ba de ESO la ejemplar historia de su madre, Violeta Friedman, una superviviente del holocausto jud\u00edo que se perpetr\u00f3 en la 2\u00aa Guerra Mundial.<\/p>\n\n\n\n<p>Esta visionaria y luchadora convicta por los Derechos Humanos nos ense\u00f1\u00f3 que el amor y la justicia son los \u00fanicos medios para alcanzar la paz en el mundo. Para ello, Violeta Friedman jam\u00e1s utiliz\u00f3 la violencia y con la palabra y la Paz venci\u00f3 a los l\u00edderes de extrema izquierda NAZI, como Le\u00f3n Dregrelle, que negaban e ironizaban la existencia de tal horror cometido contra los jud\u00edos.<\/p>\n\n\n\n<figure class=\"wp-block-gallery has-nested-images columns-default is-cropped wp-block-gallery-1 is-layout-flex wp-block-gallery-is-layout-flex\">\n<figure class=\"wp-block-image size-large\"><img loading=\"lazy\" decoding=\"async\" width=\"1024\" height=\"768\" data-id=\"977\" src=\"https:\/\/erasmusplus-educarte.eu\/wp-content\/uploads\/2023\/07\/IMG-20220406-WA0000-1024x768.jpg\" alt=\"\" class=\"wp-image-977\" srcset=\"https:\/\/erasmusplus-educarte.eu\/wp-content\/uploads\/2023\/07\/IMG-20220406-WA0000-980x735.jpg 980w, https:\/\/erasmusplus-educarte.eu\/wp-content\/uploads\/2023\/07\/IMG-20220406-WA0000-480x360.jpg 480w\" sizes=\"auto, (min-width: 0px) and (max-width: 480px) 480px, (min-width: 481px) and (max-width: 980px) 980px, (min-width: 981px) 1024px, 100vw\" \/><\/figure>\n\n\n\n<figure class=\"wp-block-image size-large\"><img loading=\"lazy\" decoding=\"async\" width=\"1024\" height=\"576\" data-id=\"976\" src=\"https:\/\/erasmusplus-educarte.eu\/wp-content\/uploads\/2023\/07\/IMG-20220317-WA0007-1024x576.jpg\" alt=\"\" class=\"wp-image-976\" srcset=\"https:\/\/erasmusplus-educarte.eu\/wp-content\/uploads\/2023\/07\/IMG-20220317-WA0007-980x551.jpg 980w, https:\/\/erasmusplus-educarte.eu\/wp-content\/uploads\/2023\/07\/IMG-20220317-WA0007-480x270.jpg 480w\" sizes=\"auto, (min-width: 0px) and (max-width: 480px) 480px, (min-width: 481px) and (max-width: 980px) 980px, (min-width: 981px) 1024px, 100vw\" \/><\/figure>\n\n\n\n<figure class=\"wp-block-image size-large\"><img loading=\"lazy\" decoding=\"async\" width=\"1024\" height=\"768\" data-id=\"975\" src=\"https:\/\/erasmusplus-educarte.eu\/wp-content\/uploads\/2023\/07\/IMG-20220315-WA0020-1024x768.jpg\" alt=\"\" class=\"wp-image-975\" srcset=\"https:\/\/erasmusplus-educarte.eu\/wp-content\/uploads\/2023\/07\/IMG-20220315-WA0020-980x735.jpg 980w, https:\/\/erasmusplus-educarte.eu\/wp-content\/uploads\/2023\/07\/IMG-20220315-WA0020-480x360.jpg 480w\" sizes=\"auto, (min-width: 0px) and (max-width: 480px) 480px, (min-width: 481px) and (max-width: 980px) 980px, (min-width: 981px) 1024px, 100vw\" \/><\/figure>\n\n\n\n<figure class=\"wp-block-image size-large\"><img loading=\"lazy\" decoding=\"async\" width=\"1024\" height=\"768\" data-id=\"974\" src=\"https:\/\/erasmusplus-educarte.eu\/wp-content\/uploads\/2023\/07\/IMG-20220315-WA0015-1024x768.jpg\" alt=\"\" class=\"wp-image-974\" srcset=\"https:\/\/erasmusplus-educarte.eu\/wp-content\/uploads\/2023\/07\/IMG-20220315-WA0015-980x735.jpg 980w, https:\/\/erasmusplus-educarte.eu\/wp-content\/uploads\/2023\/07\/IMG-20220315-WA0015-480x360.jpg 480w\" sizes=\"auto, (min-width: 0px) and (max-width: 480px) 480px, (min-width: 481px) and (max-width: 980px) 980px, (min-width: 981px) 1024px, 100vw\" \/><\/figure>\n\n\n\n<figure class=\"wp-block-image size-large\"><img loading=\"lazy\" decoding=\"async\" width=\"1024\" height=\"768\" data-id=\"973\" src=\"https:\/\/erasmusplus-educarte.eu\/wp-content\/uploads\/2023\/07\/IMG-20220315-WA0010-1024x768.jpg\" alt=\"\" class=\"wp-image-973\" srcset=\"https:\/\/erasmusplus-educarte.eu\/wp-content\/uploads\/2023\/07\/IMG-20220315-WA0010-980x735.jpg 980w, https:\/\/erasmusplus-educarte.eu\/wp-content\/uploads\/2023\/07\/IMG-20220315-WA0010-480x360.jpg 480w\" sizes=\"auto, (min-width: 0px) and (max-width: 480px) 480px, (min-width: 481px) and (max-width: 980px) 980px, (min-width: 981px) 1024px, 100vw\" \/><\/figure>\n<\/figure>\n\n\n\n<p>Asimismo en estas jornadas, se puso en valor el largo recorrido que el testimonio Violeta Friedman ha tenido en los tribunales, hasta que en el a\u00f1o 1991 el Tribunal Constitucional espa\u00f1ol sent\u00f3 doctrina constitucional consagrando el derecho al honor y a la verdad, siendo la antesala de la reforma del C\u00f3digo penal en materia de racismo. El 16 de febrero de 1995, el Pleno del Congreso de los Diputados aprob\u00f3 con el consenso de todos los grupos parlamentarios, la proposici\u00f3n de ley que tipifica la apolog\u00eda del delito de genocidio: Art\u00edculo 607.2 del C\u00f3digo Penal \u201c<em>La difusi\u00f3n por cualquier medio de ideas o doctrinas que nieguen o justifiquen los delitos tipificados en el apartado anterior de este art\u00edculo, o pretendan la rehabilitaci\u00f3n de reg\u00edmenes o instituciones que amparen pr\u00e1cticas generadoras de los mismos, se castigar\u00e1 con la pena de prisi\u00f3n de uno a dos a\u00f1os.\u201d<\/em><\/p>\n\n\n\n<p>Su legado hizo reflexionar a los j\u00f3venes y adolescentes de ambos centros educativos sobre uno de los episodios de antisemitismo y racismo m\u00e1s crueles de la historia humana y les motiv\u00f3 para comprometerse y actuar ante las situaciones sociales discriminatorias que hoy en d\u00eda se siguen dando.<\/p>\n\n\n\n<p>Con el proyecto <strong>EducArte en Identidad Europea<\/strong> se pretende capacitar en nuevas pedagog\u00edas a los docentes y crear nuevos modelos de aprendizaje para favorecer el desarrollo y las competencias digitales del alumnado desde la creatividad y el arte, formando una ciudadan\u00eda activa mediante la interiorizaci\u00f3n de una identidad europea com\u00fan que facilite el di\u00e1logo intercultural.<\/p>\n\n\n\n<p>El apoyo de la Comisi\u00f3n Europea para la elaboraci\u00f3n de esta publicaci\u00f3n no implica la aceptaci\u00f3n de sus contenidos, que es responsabilidad exclusiva de los autores. Por tanto, la Comisi\u00f3n no es responsable del uso que pueda hacerse de la informaci\u00f3n aqu\u00ed difundida.<\/p>\n","protected":false},"excerpt":{"rendered":"<p>En el marco del proyecto EducArte en Identidad Europea, en el que colaboran la Fundaci\u00f3n Violeta Friedman y la Fundaci\u00f3n Yehudi Menuhin Espa\u00f1a (FYME), ha tenido lugar durante el mes de marzo en los IES La Serna y Barrio Loranca de Fuenlabrada, sendos talleres de sensibilizaci\u00f3n en el que Patricia Weisz expuso a los alumnos [&hellip;]<\/p>\n","protected":false},"author":3,"featured_media":979,"comment_status":"open","ping_status":"closed","sticky":true,"template":"","format":"standard","meta":{"_et_pb_use_builder":"","_et_pb_old_content":"","_et_gb_content_width":"","footnotes":""},"categories":[1],"tags":[10],"class_list":["post-972","post","type-post","status-publish","format-standard","has-post-thumbnail","hentry","category-uncategorized","tag-educarte-en-identidad-europea-2023"],"_links":{"self":[{"href":"https:\/\/erasmusplus-educarte.eu\/index.php\/wp-json\/wp\/v2\/posts\/972","targetHints":{"allow":["GET"]}}],"collection":[{"href":"https:\/\/erasmusplus-educarte.eu\/index.php\/wp-json\/wp\/v2\/posts"}],"about":[{"href":"https:\/\/erasmusplus-educarte.eu\/index.php\/wp-json\/wp\/v2\/types\/post"}],"author":[{"embeddable":true,"href":"https:\/\/erasmusplus-educarte.eu\/index.php\/wp-json\/wp\/v2\/users\/3"}],"replies":[{"embeddable":true,"href":"https:\/\/erasmusplus-educarte.eu\/index.php\/wp-json\/wp\/v2\/comments?post=972"}],"version-history":[{"count":1,"href":"https:\/\/erasmusplus-educarte.eu\/index.php\/wp-json\/wp\/v2\/posts\/972\/revisions"}],"predecessor-version":[{"id":980,"href":"https:\/\/erasmusplus-educarte.eu\/index.php\/wp-json\/wp\/v2\/posts\/972\/revisions\/980"}],"wp:featuredmedia":[{"embeddable":true,"href":"https:\/\/erasmusplus-educarte.eu\/index.php\/wp-json\/wp\/v2\/media\/979"}],"wp:attachment":[{"href":"https:\/\/erasmusplus-educarte.eu\/index.php\/wp-json\/wp\/v2\/media?parent=972"}],"wp:term":[{"taxonomy":"category","embeddable":true,"href":"https:\/\/erasmusplus-educarte.eu\/index.php\/wp-json\/wp\/v2\/categories?post=972"},{"taxonomy":"post_tag","embeddable":true,"href":"https:\/\/erasmusplus-educarte.eu\/index.php\/wp-json\/wp\/v2\/tags?post=972"}],"curies":[{"name":"wp","href":"https:\/\/api.w.org\/{rel}","templated":true}]}}